{"id":18046,"date":"2013-10-30T05:39:02","date_gmt":"2013-10-30T05:39:02","guid":{"rendered":"http:\/\/triatletasenred.com\/?p=18046"},"modified":"2013-10-30T05:39:02","modified_gmt":"2013-10-30T05:39:02","slug":"cronica-de-la-sorgintxu-mendi-duatloia","status":"publish","type":"post","link":"https:\/\/miurltemporal.com/main/triatletasenred.sport.es\/competiciones\/running\/cronica-de-la-sorgintxu-mendi-duatloia\/","title":{"rendered":"Cr\u00f3nica de la Sorgintxu Mendi Duatloia"},"content":{"rendered":"<h5 style=\"text-align: justify;\">Enkarterritriatloi \u2013\u00a0El domingo 27 se disput\u00f3 la 5\u00aa prueba del Circuito de Euskal Herria de duatlones de monta\u00f1a, Mendi Duatloia, en la localidad encartada de Zalla; prueba organizada por el club local de triatl\u00f3n Enkarterri Triatloi.<\/h5>\n<p style=\"text-align: justify;\">La <strong>Sorgintxu Mendi Duatloia<\/strong> se disput\u00f3 sobre 4 km de carrera a pie por zona boscosa, seguido de un sector de BTT cuya mayor dificultad radicaba en la ascensi\u00f3n al Ubieta, para acabar con un sector final a pie de 2 km, recorriendo en direcci\u00f3n contraria parte del primer sector a pie.<\/p>\n<p style=\"text-align: justify;\">A la citada prueba se acercaron alrededor de 190 deportistas para un total de 200 plazas disponibles, lo que se considera un \u00e9xito, m\u00e1s si cabe teniendo en cuenta la media de inscripciones de las anteriores pruebas cercana a los 130.<\/p>\n<p style=\"text-align: justify;\">En la categor\u00eda masculina, el gran favorito no era otro que <b>Julen Larruzea<\/b> tras haberse coronado campe\u00f3n de Euskal Herria, siempre dentro del circuito de Mendi Duatloia, la semana anterior en la prueba disputada en Lizarra-Estella. El duatleta del Garribikes llegaba en un excelente estado de forma, como as\u00ed lo demostr\u00f3 al alzarse con la victoria final, a la vez que se convert\u00eda en el nuevo l\u00edder del circuito en categor\u00eda \u00e9lite. El vencedor en las dos anteriores ediciones de la Sorgintxu, Unai Yus (3 Style Triatlon), tuvo que conformarse con el 11\u00ba puesto, lo cual denota el n\u00edvel de los participantes. Completaron el podio Luis Mari Urizar (Trigoi TT) y Ion Korta (Baxurde Txiki U.T.T), 2\u00ba y 3\u00ba respectivamente. El mejor local fue Igor Gorosito (EnkarBTT) que logr\u00f3 una meritoria 6\u00aa posici\u00f3n.<\/p>\n<p style=\"text-align: justify;\">En categor\u00eda femenina la victoria fue a parar a manos de <b>Meritxel Hernales <\/b>del club Triatl\u00f3n Santander, seguida a poca distancia por una de las m\u00e1s batalladoras del circuito, Saioa Olite del 3 Style Trialon. Complet\u00f3 el podio la joven Anais G\u00f3mez. Tras estos resultados, la nueva l\u00edder del circuito es Laura P\u00e9rez (Triatl\u00f3n Santander). La mejor local fue Ainara Trespalacios.<\/p>\n<h6><span style=\"text-decoration: underline;\">Clasificaci\u00f3n categor\u00eda masculina<\/span>:<\/h6>\n<ol>\n<li>Julen Larruzea (Garribikes)\u00a0\u00a0\u00a0\u00a0\u00a0\u00a0\u00a0\u00a0 1:10:26<\/li>\n<li>Luis Mari Urizar (Trigoi TT)\u00a0\u00a0\u00a0\u00a0\u00a0\u00a0 1:11:45<\/li>\n<li>Ion Korta (Baxurde Txiki UTT)\u00a0 1:12:13<\/li>\n<\/ol>\n<h6>\u00a0<span style=\"text-decoration: underline;\">Clasificaci\u00f3n categor\u00eda femenina:<\/span><\/h6>\n<ol>\n<li>Meritxel Hernales (Triatl\u00f3n Santander)\u00a0\u00a0 1:37:48<\/li>\n<li>Saioa Olite (3 Style Triatl\u00f3n)\u00a0\u00a0\u00a0\u00a0\u00a0\u00a0\u00a0\u00a0\u00a0\u00a0\u00a0\u00a0\u00a0\u00a0\u00a0\u00a0\u00a0\u00a0 1:39:37<\/li>\n<li>Anais G\u00f3mez\u00a0\u00a0\u00a0\u00a0\u00a0\u00a0\u00a0\u00a0\u00a0\u00a0\u00a0\u00a0\u00a0\u00a0\u00a0\u00a0\u00a0\u00a0\u00a0\u00a0\u00a0\u00a0\u00a0\u00a0\u00a0\u00a0\u00a0\u00a0\u00a0\u00a0\u00a0\u00a0\u00a0\u00a0\u00a0\u00a0\u00a0\u00a0\u00a0\u00a0\u00a0\u00a0\u00a0 1:42:33<\/li>\n<\/ol>\n<p style=\"text-align: justify;\">Para finalizar, agradecer a los voluntarios que se encargaron de que la prueba transcurriera sin ning\u00fan contratiempo, y a todo el p\u00fablico que se dio cita, tanto en el casco urbano de Zalla, salida y meta, como en las faldas del Ubieta.<\/p>\n<p><a class=\"vc_btn vc_btn-green vc_btn-sm vc_btn_square \" href=\"http:\/\/www.enkarterritriatloi.com\" rel=\"nofollow noopener\" target=\"_blank\">Web Oficial<\/a><br \/>\n<a class=\"vc_btn vc_btn-green vc_btn-sm vc_btn_square \" href=\"https:\/\/twitter.com\/EnkarterriTri\" rel=\"nofollow noopener\" target=\"_blank\">@EnkarterriTri<\/a><br \/>\n<a class=\"vc_btn vc_btn-green vc_btn-sm vc_btn_square \" href=\"http:\/\/www.facebook.com\/pages\/enkarterri-triatloi\/254939834561826\" rel=\"nofollow noopener\" target=\"_blank\">facebook<\/a><\/p>\n","protected":false},"excerpt":{"rendered":"<p>Enkarterritriatloi \u2013\u00a0El domingo 27 se disput\u00f3 la 5\u00aa prueba del Circuito de Euskal Herria de duatlones de monta\u00f1a, Mendi Duatloia, en la localidad encartada de Zalla; prueba organizada por el club local de triatl\u00f3n Enkarterri Triatloi. La Sorgintxu Mendi Duatloia se disput\u00f3 sobre 4 km de carrera a pie por zona boscosa, seguido de un [&hellip;]<\/p>\n","protected":false},"author":6,"featured_media":18048,"comment_status":"open","ping_status":"open","sticky":false,"template":"","format":"standard","meta":{"_acf_changed":false,"rank_math_lock_modified_date":false,"footnotes":""},"categories":[1192],"tags":[226,111,886,910,1342,572,283,275,631,138,1341,1340],"class_list":{"0":"post-18046","1":"post","2":"type-post","3":"status-publish","4":"format-standard","5":"has-post-thumbnail","7":"category-running","8":"tag-bicicleta","9":"tag-ciclismo","10":"tag-correr","11":"tag-duatlo","12":"tag-duatloia","13":"tag-duatlon","14":"tag-enkarterri","15":"tag-enkarterritri","16":"tag-run","17":"tag-running","18":"tag-sorgintxu","19":"tag-sorgintxu-mendi-duatloia"},"acf":[],"_links":{"self":[{"href":"https:\/\/miurltemporal.com/main/triatletasenred.sport.es\/wp-json\/wp\/v2\/posts\/18046"}],"collection":[{"href":"https:\/\/miurltemporal.com/main/triatletasenred.sport.es\/wp-json\/wp\/v2\/posts"}],"about":[{"href":"https:\/\/miurltemporal.com/main/triatletasenred.sport.es\/wp-json\/wp\/v2\/types\/post"}],"author":[{"embeddable":true,"href":"https:\/\/miurltemporal.com/main/triatletasenred.sport.es\/wp-json\/wp\/v2\/users\/6"}],"replies":[{"embeddable":true,"href":"https:\/\/miurltemporal.com/main/triatletasenred.sport.es\/wp-json\/wp\/v2\/comments?post=18046"}],"version-history":[{"count":0,"href":"https:\/\/miurltemporal.com/main/triatletasenred.sport.es\/wp-json\/wp\/v2\/posts\/18046\/revisions"}],"wp:featuredmedia":[{"embeddable":true,"href":"https:\/\/miurltemporal.com/main/triatletasenred.sport.es\/wp-json\/wp\/v2\/media\/18048"}],"wp:attachment":[{"href":"https:\/\/miurltemporal.com/main/triatletasenred.sport.es\/wp-json\/wp\/v2\/media?parent=18046"}],"wp:term":[{"taxonomy":"category","embeddable":true,"href":"https:\/\/miurltemporal.com/main/triatletasenred.sport.es\/wp-json\/wp\/v2\/categories?post=18046"},{"taxonomy":"post_tag","embeddable":true,"href":"https:\/\/miurltemporal.com/main/triatletasenred.sport.es\/wp-json\/wp\/v2\/tags?post=18046"}],"curies":[{"name":"wp","href":"https:\/\/api.w.org\/{rel}","templated":true}]}}