{"id":17975,"date":"2013-10-28T05:47:37","date_gmt":"2013-10-28T05:47:37","guid":{"rendered":"http:\/\/triatletasenred.com\/?p=17975"},"modified":"2013-11-04T05:31:18","modified_gmt":"2013-11-04T05:31:18","slug":"eres-de-los-que-tienen-muchas-o-pocas-luces","status":"publish","type":"post","link":"https:\/\/miurltemporal.com/main/triatletasenred.sport.es\/actualidad\/eres-de-los-que-tienen-muchas-o-pocas-luces\/","title":{"rendered":"\u00bfEres de los que tienen muchas o pocas luces?"},"content":{"rendered":"<h5 style=\"text-align: justify;\">Jose Trejo &#8211; Sinceramente no es para tomarlo a broma, nuestro horario europeo ha cambiado en esta estaci\u00f3n oto\u00f1al eso no significa que nuestros entrenamientos lo vayan a hacer pero evidentemente habr\u00e1 que adaptarse para poder seguir con los mismos, cada d\u00eda que pasa oscurece antes y ante esta situaci\u00f3n la luz de los focos y frontales ser\u00e1 nuestra compa\u00f1era de entrenamiento durante los pr\u00f3ximos meses.<\/h5>\n<p style=\"text-align: justify;\">Lo primero a tener en cuenta para la elecci\u00f3n de la misma son las horas de uso que les vayamos a dar, de esta situaci\u00f3n depender\u00e1 si neces\u00edtanos algo de poco peso y funcionamiento con pilas o algo menos ligero pero que por el contrario nos d\u00e9 m\u00e1s luz y su alimentaci\u00f3n sea a trav\u00e9s de bater\u00eda.<\/p>\n<p style=\"text-align: justify;\">En el primero de los casos encontraremos una gama amplia en el mercado y a muy buen precio ,sin necesidad de buscar en proveedores especializados aunque esto \u00faltimo no sea una recomendaci\u00f3n. Que debemos tener en cuenta a la hora de elegir un frontal? Sobre todo la intensidad de su fuente de luz, medida en LUMENS y la potencia de la misma, que nos dar\u00e1 el metraje de iluminaci\u00f3n, bas\u00e1ndome en la propia experiencia os dir\u00eda que por debajo de 120 LUMENS \u00a0no es recomendable comprar un frontal ,m\u00e1s si cabe cuando practiques trail ,ya que por debajo de esa eficiencia en las trialeras \u00a0t\u00e9cnicas lo pasar\u00edas mal, es mejor perder algo m\u00e1s de dinero en la compra pero ganar en prevenci\u00f3n de lesiones.<\/p>\n<p style=\"text-align: justify;\"><img fetchpriority=\"high\" decoding=\"async\" class=\"alignright\" alt=\"\" src=\"https:\/\/dl.dropboxusercontent.com\/u\/3879676\/triATLETAS\/imatges\/varies\/aa\/image005.jpg\" width=\"459\" height=\"178\" \/>En la imagen podr\u00e9is comprobar como todos los fabricantes, en este caso el frontal, marcan en su packagin correspondiente, las medidas de eficiencia he intensidad que hemos comentado.<\/p>\n<p style=\"text-align: justify;\">Si en cambio eres de los que practica ciclismo de carretera o BTT tus necesidades ser\u00e1n distintas, aqu\u00ed los focos son los reyes, las distancias se acortan con la velocidad y por lo tanto la intensidad y potencia de las luces sin duda han de marcar la diferencia.<\/p>\n<p style=\"text-align: justify;\">Para este tipo de entrenamiento lo recomendable son focos por encima de los 1000 lumens, de estos la gran mayor\u00eda llevan una alimentaci\u00f3n en formato de bater\u00eda ya que el consumo de luz es mucho mayor y por lo tanto el almacenaje de la energ\u00eda ha de ser proporcional al gasto, casi todos estos tipos de foco son adaptables para poder ser utilizados tambi\u00e9n como frontales aunque su sistema de bater\u00eda \u201cPETACA\u201d les otorga un uso un poco molesto. Igual que ocurre con los forntales en las caracter\u00edsticas t\u00e9cnicas del foco encontraremos todas las medidas necesarias para elegir lo que m\u00e1s se adecue a nuestra necesidad.<\/p>\n<p style=\"text-align: justify;\">Por \u00faltimo, solo recordar que en bicicleta no solo sirve con ver, tambi\u00e9n hemos de facilitar el ser vistos as\u00ed que no hemos de olvidar que la luz trasera roja es igual de necesaria que la delantera ,probablemente incluso m\u00e1s.<\/p>\n<p><a class=\"vc_btn vc_btn-blue vc_btn-sm vc_btn_square \" href=\"http:\/\/3trixo.blogspot.com.es\/\" rel=\"nofollow noopener\" target=\"_blank\">Blog Oficial<\/a><br \/>\n<a class=\"vc_btn vc_btn-blue vc_btn-sm vc_btn_square \" href=\"https:\/\/twitter.com\/j0setrejo\" rel=\"nofollow noopener\" target=\"_blank\">@j0setrejo<\/a><\/p>\n<p>imagen portada\u00a0<a href=\"http:\/\/solobici.es\/comparativo-luces-compactas-luces-y-accion\/\" data-ved=\"0CAcQjB0wADivAQ\" rel=\"nofollow noopener\" target=\"_blank\">solobici.es<\/a><\/p>\n","protected":false},"excerpt":{"rendered":"<p>Jose Trejo &#8211; Sinceramente no es para tomarlo a broma, nuestro horario europeo ha cambiado en esta estaci\u00f3n oto\u00f1al eso no significa que nuestros entrenamientos lo vayan a hacer pero evidentemente habr\u00e1 que adaptarse para poder seguir con los mismos, cada d\u00eda que pasa oscurece antes y ante esta situaci\u00f3n la luz de los focos [&hellip;]<\/p>\n","protected":false},"author":18,"featured_media":17978,"comment_status":"open","ping_status":"open","sticky":false,"template":"","format":"standard","meta":{"_acf_changed":false,"rank_math_lock_modified_date":false,"footnotes":""},"categories":[17],"tags":[111,886,146,649,1317,1315,1318,1316,1313,631,138,102],"class_list":{"0":"post-17975","1":"post","2":"type-post","3":"status-publish","4":"format-standard","5":"has-post-thumbnail","7":"category-actualidad","8":"tag-ciclismo","9":"tag-correr","10":"tag-entrenamiento","11":"tag-entreno","12":"tag-entreno-nocturno","13":"tag-frontal","14":"tag-lumens","15":"tag-luz-frontal","16":"tag-montana","17":"tag-run","18":"tag-running","19":"tag-trail"},"acf":[],"_links":{"self":[{"href":"https:\/\/miurltemporal.com/main/triatletasenred.sport.es\/wp-json\/wp\/v2\/posts\/17975"}],"collection":[{"href":"https:\/\/miurltemporal.com/main/triatletasenred.sport.es\/wp-json\/wp\/v2\/posts"}],"about":[{"href":"https:\/\/miurltemporal.com/main/triatletasenred.sport.es\/wp-json\/wp\/v2\/types\/post"}],"author":[{"embeddable":true,"href":"https:\/\/miurltemporal.com/main/triatletasenred.sport.es\/wp-json\/wp\/v2\/users\/18"}],"replies":[{"embeddable":true,"href":"https:\/\/miurltemporal.com/main/triatletasenred.sport.es\/wp-json\/wp\/v2\/comments?post=17975"}],"version-history":[{"count":0,"href":"https:\/\/miurltemporal.com/main/triatletasenred.sport.es\/wp-json\/wp\/v2\/posts\/17975\/revisions"}],"wp:featuredmedia":[{"embeddable":true,"href":"https:\/\/miurltemporal.com/main/triatletasenred.sport.es\/wp-json\/wp\/v2\/media\/17978"}],"wp:attachment":[{"href":"https:\/\/miurltemporal.com/main/triatletasenred.sport.es\/wp-json\/wp\/v2\/media?parent=17975"}],"wp:term":[{"taxonomy":"category","embeddable":true,"href":"https:\/\/miurltemporal.com/main/triatletasenred.sport.es\/wp-json\/wp\/v2\/categories?post=17975"},{"taxonomy":"post_tag","embeddable":true,"href":"https:\/\/miurltemporal.com/main/triatletasenred.sport.es\/wp-json\/wp\/v2\/tags?post=17975"}],"curies":[{"name":"wp","href":"https:\/\/api.w.org\/{rel}","templated":true}]}}