{"id":17822,"date":"2013-10-21T13:22:24","date_gmt":"2013-10-21T13:22:24","guid":{"rendered":"http:\/\/triatletasenred.com\/?p=17822"},"modified":"2016-02-26T16:19:03","modified_gmt":"2016-02-26T14:19:03","slug":"video-leccion-practica-adelantamiento-correcto-un-peloton","status":"publish","type":"post","link":"https:\/\/miurltemporal.com/main/triatletasenred.sport.es\/en-red\/video-leccion-practica-adelantamiento-correcto-un-peloton\/","title":{"rendered":"Video &#8211; Luis y Paco adelantan con estilo a un pelot\u00f3n de ciclista"},"content":{"rendered":"<h4 style=\"text-align: justify;\">Esta ma\u00f1ana nos han hecho llegar este simp\u00e1tico a la vez que did\u00e1ctico documento de Luis C . En su video da una lecci\u00f3n de como se debe adelantar en carretera a un pelot\u00f3n de ciclistas con una narraci\u00f3n sin desperdicio.<\/h4>\n<p style=\"text-align: justify;\">Gracias <strong>Luis<\/strong> por compartir este video y por tu implicaci\u00f3n con el #RespetoAlCiclista<\/p>\n<p style=\"text-align: justify;\">[youtube id=&#8221;08Q-u7c0YMI&#8221; width=&#8221;620&#8243; height=&#8221;360&#8243;]<\/p>\n<p style=\"text-align: justify;\">\n","protected":false},"excerpt":{"rendered":"<p>Esta ma\u00f1ana nos han hecho llegar este simp\u00e1tico a la vez que did\u00e1ctico documento de Luis C . En su video da una lecci\u00f3n de como se debe adelantar en carretera a un pelot\u00f3n de ciclistas con una narraci\u00f3n sin desperdicio. Gracias Luis por compartir este video y por tu implicaci\u00f3n con el #RespetoAlCiclista [youtube [&hellip;]<\/p>\n","protected":false},"author":2,"featured_media":17823,"comment_status":"open","ping_status":"open","sticky":false,"template":"","format":"standard","meta":{"_acf_changed":false,"rank_math_lock_modified_date":false,"footnotes":""},"categories":[16],"tags":[1453,455,111,3808],"class_list":{"0":"post-17822","1":"post","2":"type-post","3":"status-publish","4":"format-standard","5":"has-post-thumbnail","7":"category-en-red","8":"tag-1m50","9":"tag-respetoalciclista","10":"tag-ciclismo","11":"tag-distancia-de-seguridad"},"acf":[],"_links":{"self":[{"href":"https:\/\/miurltemporal.com/main/triatletasenred.sport.es\/wp-json\/wp\/v2\/posts\/17822"}],"collection":[{"href":"https:\/\/miurltemporal.com/main/triatletasenred.sport.es\/wp-json\/wp\/v2\/posts"}],"about":[{"href":"https:\/\/miurltemporal.com/main/triatletasenred.sport.es\/wp-json\/wp\/v2\/types\/post"}],"author":[{"embeddable":true,"href":"https:\/\/miurltemporal.com/main/triatletasenred.sport.es\/wp-json\/wp\/v2\/users\/2"}],"replies":[{"embeddable":true,"href":"https:\/\/miurltemporal.com/main/triatletasenred.sport.es\/wp-json\/wp\/v2\/comments?post=17822"}],"version-history":[{"count":0,"href":"https:\/\/miurltemporal.com/main/triatletasenred.sport.es\/wp-json\/wp\/v2\/posts\/17822\/revisions"}],"wp:featuredmedia":[{"embeddable":true,"href":"https:\/\/miurltemporal.com/main/triatletasenred.sport.es\/wp-json\/wp\/v2\/media\/17823"}],"wp:attachment":[{"href":"https:\/\/miurltemporal.com/main/triatletasenred.sport.es\/wp-json\/wp\/v2\/media?parent=17822"}],"wp:term":[{"taxonomy":"category","embeddable":true,"href":"https:\/\/miurltemporal.com/main/triatletasenred.sport.es\/wp-json\/wp\/v2\/categories?post=17822"},{"taxonomy":"post_tag","embeddable":true,"href":"https:\/\/miurltemporal.com/main/triatletasenred.sport.es\/wp-json\/wp\/v2\/tags?post=17822"}],"curies":[{"name":"wp","href":"https:\/\/api.w.org\/{rel}","templated":true}]}}