{"id":17304,"date":"2013-10-08T06:07:36","date_gmt":"2013-10-08T06:07:36","guid":{"rendered":"http:\/\/triatletasenred.com\/?p=17304"},"modified":"2016-02-26T18:18:20","modified_gmt":"2016-02-26T16:18:20","slug":"cronica-desde-el-dorsal-wild-wolf-triathlon-series-polar-de-malaga","status":"publish","type":"post","link":"https:\/\/miurltemporal.com/main/triatletasenred.sport.es\/actualidad\/cronica-desde-el-dorsal-wild-wolf-triathlon-series-polar-de-malaga\/","title":{"rendered":"Cr\u00f3nica desde el dorsal: Wild Wolf Triathlon Series by Polar de M\u00e1laga"},"content":{"rendered":"<h5 style=\"text-align: justify;\">KIKE CABELLO \u2013\u00a0Eran las tres de la tarde en la malague\u00f1a playa de la Misericordia cuando se daba la salida a la modalidad ol\u00edmpica del Wild Wolf Triathlon Series by Polar de M\u00e1laga, la \u00faltima prueba del circuito andaluz de triatl\u00f3n. Una temperatura c\u00e1lida pero agradable y unas buenas condiciones para la pr\u00e1ctica del multideporte. Lo mejor de la comunidad andaluza pisando la alfombra azul sobre la arena esperando el bocinazo de salida.<\/h5>\n<p style=\"text-align: justify;\">En una nataci\u00f3n con neopreno a dos vueltas, poco a poco se iba estirando el grupo que comandaba Germ\u00e1n Rodr\u00edguez, que ha trabajado fuerte este verano en el circuito almeriense de traves\u00edas. A sus pies grandes nadadores como Bruno Raso, Alejandro Ca\u00f1as y Pedro Miguel Serrano. A tan s\u00f3lo unos segundos el <i>pack<\/i> perseguidor con Victoriano Raso y Samer Ali y a dos minutos sal\u00eda el grupo de remontadores comandado por los Rub\u00e9n, Ruzafa y Bravo.<\/p>\n<p style=\"text-align: justify;\">Las miradas de todos los presentes estaban puestas en el excampe\u00f3n del Mundo Xterra, que empezaba su guerra con la remontada en bici. El reaparecido viejo rockero Bravo perd\u00eda diez metros al montarse en la bicicleta que les resultaron un mundo imposible de recuperar y le complicar\u00edan la carrera. Por delante, no tardar\u00edan en juntarse los dos grupos, mientras que Ruzafa recortaba tiempo a cada vuelta en solitario.<\/p>\n<p style=\"text-align: justify;\">Se bajar\u00edan a correr el gran grupo de favoritos, con Bruno Raso saliendo primero del box. Rub\u00e9n Bravo sal\u00eda a correr cediendo 1&#8217;40\u201d con el grupo cabecero. Al paso de cada una de las 4 vueltas a pie por el paseo mar\u00edtimo malague\u00f1o, se destacaban tres corredores del resto: Ali, Rodr\u00edguez y Ruzafa. Tras ellos marchaba Alejandro Ca\u00f1as y m\u00e1s atr\u00e1s iban cediendo los hermanos Raso y Serrano. Al mismo ritmo que en cabeza avanzaba Rub\u00e9n Bravo, a la espera del desfallecimiento de los anteriores. Con pocos segundos de margen iba a hacerse con la victoria el que ya era campe\u00f3n del circuito andaluz, Samer Ali Saad, tras \u00e9l Germ\u00e1n Rodr\u00edguez y cerrando el podio Rub\u00e9n Ruzafa. Medalla de chocolate para Ca\u00f1as, seguido por Bravo, los hermanos Raso de la mano y Luis Miguel Ruiz cerrando los puestos de finalista, mientras que Pedro Serrano ca\u00eda a la novena plaza.<\/p>\n<p style=\"text-align: justify;\">La fiesta s\u00f3lo acababa de empezar. A\u00fan quedaban las distancias sprint y supersprint, que ser\u00edan claramente dominadas por los j\u00f3venes de la <i>\u201cEscuadra Gonz\u00e1lez\u201d<\/i>, con un patr\u00f3n similar. En la distancia sprint, el junior Ignacio Gonz\u00e1lez lideraba la carrera desde la primera brazada hasta la cinta de meta en solitario, seguido a unos minutos por su padre Ignacio en segunda posici\u00f3n. En f\u00e9minas la victoria fue para Marina Castro. En la distancia m\u00e1s corta, ser\u00eda el hermano peque\u00f1o, el cadete Alberto Gonz\u00e1lez, qui\u00e9n emular\u00eda a su hermano y se har\u00eda con una victoria holgada, acompa\u00f1ado en el podio por su compa\u00f1era de entrenamientos Ana Carvajal, ganadora en chicas.<\/p>\n<p style=\"text-align: justify;\">Un d\u00eda que dio mucho de s\u00ed en M\u00e1laga, que con 1200 participantes en su triatl\u00f3n confirma la buena salud de la que goza su triatl\u00f3n y anima al gran p\u00fablico a sumarse a la adicci\u00f3n del deporte multidisciplinar.<\/p>\n<p style=\"text-align: justify;\"><a class=\"vc_btn vc_btn-red vc_btn-sm vc_btn_square \" href=\"https:\/\/twitter.com\/TriathlonSeries\" rel=\"nofollow noopener\" target=\"_blank\">@TriathlonSeries<\/a><\/p>\n<p style=\"text-align: justify;\"><a class=\"vc_btn vc_btn-blue vc_btn-sm vc_btn_square \" href=\"http:\/\/twitter.com\/kickecr\" rel=\"nofollow noopener\" target=\"_blank\">@kickecr<\/a><\/p>\n","protected":false},"excerpt":{"rendered":"<p>KIKE CABELLO \u2013\u00a0Eran las tres de la tarde en la malague\u00f1a playa de la Misericordia cuando se daba la salida a la modalidad ol\u00edmpica del Wild Wolf Triathlon Series by Polar de M\u00e1laga, la \u00faltima prueba del circuito andaluz de triatl\u00f3n. Una temperatura c\u00e1lida pero agradable y unas buenas condiciones para la pr\u00e1ctica del multideporte. [&hellip;]<\/p>\n","protected":false},"author":6,"featured_media":17305,"comment_status":"open","ping_status":"open","sticky":false,"template":"","format":"standard","meta":{"_acf_changed":false,"rank_math_lock_modified_date":false,"footnotes":""},"categories":[17,1191],"tags":[111,886,87,631,461,1000,720,24,32],"class_list":{"0":"post-17304","1":"post","2":"type-post","3":"status-publish","4":"format-standard","5":"has-post-thumbnail","7":"category-actualidad","8":"category-triatlon","9":"tag-ciclismo","10":"tag-correr","11":"tag-natacion","12":"tag-run","13":"tag-swim","14":"tag-tri","15":"tag-triatlo","16":"tag-triatlon","17":"tag-wild-wolf-series"},"acf":[],"_links":{"self":[{"href":"https:\/\/miurltemporal.com/main/triatletasenred.sport.es\/wp-json\/wp\/v2\/posts\/17304"}],"collection":[{"href":"https:\/\/miurltemporal.com/main/triatletasenred.sport.es\/wp-json\/wp\/v2\/posts"}],"about":[{"href":"https:\/\/miurltemporal.com/main/triatletasenred.sport.es\/wp-json\/wp\/v2\/types\/post"}],"author":[{"embeddable":true,"href":"https:\/\/miurltemporal.com/main/triatletasenred.sport.es\/wp-json\/wp\/v2\/users\/6"}],"replies":[{"embeddable":true,"href":"https:\/\/miurltemporal.com/main/triatletasenred.sport.es\/wp-json\/wp\/v2\/comments?post=17304"}],"version-history":[{"count":0,"href":"https:\/\/miurltemporal.com/main/triatletasenred.sport.es\/wp-json\/wp\/v2\/posts\/17304\/revisions"}],"wp:featuredmedia":[{"embeddable":true,"href":"https:\/\/miurltemporal.com/main/triatletasenred.sport.es\/wp-json\/wp\/v2\/media\/17305"}],"wp:attachment":[{"href":"https:\/\/miurltemporal.com/main/triatletasenred.sport.es\/wp-json\/wp\/v2\/media?parent=17304"}],"wp:term":[{"taxonomy":"category","embeddable":true,"href":"https:\/\/miurltemporal.com/main/triatletasenred.sport.es\/wp-json\/wp\/v2\/categories?post=17304"},{"taxonomy":"post_tag","embeddable":true,"href":"https:\/\/miurltemporal.com/main/triatletasenred.sport.es\/wp-json\/wp\/v2\/tags?post=17304"}],"curies":[{"name":"wp","href":"https:\/\/api.w.org\/{rel}","templated":true}]}}