{"id":17159,"date":"2013-10-02T21:35:10","date_gmt":"2013-10-02T21:35:10","guid":{"rendered":"http:\/\/triatletasenred.com\/?p=17159"},"modified":"2013-10-10T05:57:06","modified_gmt":"2013-10-10T05:57:06","slug":"cesc-godoy-estar-en-la-final-de-londres-ha-sido-un-gran-premio-para-acabar-la-temporada","status":"publish","type":"post","link":"https:\/\/miurltemporal.com/main/triatletasenred.sport.es\/entrevistas-triatlon\/cesc-godoy-estar-en-la-final-de-londres-ha-sido-un-gran-premio-para-acabar-la-temporada\/","title":{"rendered":"Cesc Godoy: \u201cEstar en la final de Londres ha sido un gran premio para acabar la temporada\u201d"},"content":{"rendered":"<h5 style=\"text-align: justify;\"><b>Pablo Bosch \u2013 El catal\u00e1n Cesc Godoy est\u00e1 a punto de cerrar la que ha sido su mejor temporada a nivel de resultados. Y se ha marcado un objetivo para las pr\u00f3ximas temporadas: los JJOO de R\u00edo 2016. Una apuesta ambiciosa, pero que con el tes\u00f3n del barcelon\u00e9s, puede hacerse realidad. Este domingo le podremos ver compitiendo en las calles de la ciudad condal, como uno de los favoritos a la victoria en el Garmin Barcelona Triathlon.<\/b><\/h5>\n<h6 style=\"text-align: justify;\"><strong>Con un 2\u00b0 puesto en la Copa del Mundo d Tiszaujvaros y una 30\u00aa posici\u00f3n en el Cto. Del Mundo de Londres, \u00bfc\u00f3mo valoras esta temporada a nivel de resultados?<\/strong><\/h6>\n<p style=\"text-align: justify;\">Puedo decir que ha sido la mejor temporada de mi carrera profesional. Hacer un p\u00f3dium en Copa del Mundo es algo que siempre hab\u00eda so\u00f1ado y llego el d\u00eda que menos me lo esperaba, en Hungr\u00eda. Hab\u00eda entrenado muy bien todo el a\u00f1o pero quiz\u00e1s me faltaba ese puntito de m\u00e1s para estar en los puestos de top10 y so\u00f1ar con el p\u00f3dium. Sali\u00f3 una carrera perfecta. Estar en el p\u00f3dium fue algo muy bonito y me dio la posibilidad de estar en la final de Londres, que ha sido un gran premio para acabar la temporada. El balance ha sido muy bueno, mejor de lo esperado yo dir\u00eda.<\/p>\n<h6 style=\"text-align: justify;\"><strong>En pocos d\u00edas llega el periodo de descanso para muchos triatletas. \u00bfQu\u00e9 haces t\u00fa para desconectar y descansar antes de afrontar una nueva y exigente temporada?<\/strong><\/h6>\n<p style=\"text-align: justify;\">Como bien dices, el descanso para m\u00ed es muy importante y lo que hago es desconectar totalmente del triatl\u00f3n. No sigo pruebas, apenas salgo a correr ni cojo una bicicleta y tampoco me tiro a la piscina. Intento desconectar lo m\u00e1ximo. Alguna vez he aprovechado que hac\u00eda la \u00faltima prueba en el extranjero y me quedaba ya de vacaciones fuera, pero este a\u00f1o al acabar la temporada aqu\u00ed, me quedar\u00e9 en Barcelona.<\/p>\n<p style=\"text-align: justify;\">En este periodo aprovecho para hacer lo que durante el a\u00f1o no puedo hacer tan a menudo como ir a cenar o tomar algo con los amigos. Me mantengo haciendo algo de deporte y suelo practicar surf, windsurf o jugar a paddle, pero intento olvidarme lo m\u00e1ximo del triatl\u00f3n.<\/p>\n<h6 style=\"text-align: justify;\"><strong>Estamos en un a\u00f1o previo a la fase de clasificaci\u00f3n para los JJOO de R\u00edo de 2016. \u00bfCu\u00e1les son tus objetivos principales para 2014?<\/strong><\/h6>\n<p style=\"text-align: justify;\">La clasificaci\u00f3n ol\u00edmpica empieza a mitad del a\u00f1o, hacia el mes de mayo\/junio, as\u00ed que el objetivo es llegar ah\u00ed al m\u00e1ximo. Habr\u00e1n varias pruebas preparatorias y lo m\u00e1s seguro es que con mi resultado en Londres, pueda estar ya disputando la primera World Serie en el mes de marzo o abril. Utilizar\u00e9 esas carreras para irme posicionando en el ranking y cuando llegue el mes de junio, luchar desde la primera carrera con mis compa\u00f1eros para conseguir las plazas para Espa\u00f1a y luego intentar ser uno de los tres mejores.<\/p>\n<p style=\"text-align: justify;\">Aunque m\u00e1s que el 2014, el a\u00f1o importante ser\u00e1 2015 y parte de 2016 porque puntuar\u00e1n m\u00e1s pruebas y cuando se acercan los Juegos es cuando todo cobra importancia. Este a\u00f1o he conseguido mucho m\u00e1s de lo que esperaba, pudiendo estar en la final de Londres, y a partir del a\u00f1o que viene el objetivo es seguir as\u00ed y puntuar desde el principio en el ranking ol\u00edmpico. Y sobre todo, ser muy constante, porque al final eso es lo que te da el derecho a las tres plazas. De nada sirve hacer una muy buena carrera y luego pinchar. Estar entre las 10-15 primeras posiciones ser\u00e1 lo que determinar\u00e1 estar en R\u00edo o no. Pero antes de eso, a\u00fan me quedan un par de pruebas para cerrar esta temporada.<\/p>\n<h6 style=\"text-align: justify;\"><strong>Siempre has dicho que los JJOO han sido tu sue\u00f1o. \u00bfC\u00f3mo ser\u00eda poderlos compartir con tu hermana Anna? \u00bfConsideras que es tu \u00faltima oportunidad para poder disputarlos?<\/strong><\/h6>\n<p style=\"text-align: justify;\">Ya lo dije en el documental que protagonic\u00e9 que ser\u00eda un bonito sue\u00f1o. Tanto mi hermana Anna como yo hemos crecido en un ambiente muy deportivo por mi padre, y por todo lo que nos ha rodeado desde peque\u00f1os. Nos hemos formado en un club, el Club Nataci\u00f3 Barcelona, donde se vive mucho el waterpolo y la nataci\u00f3n. En estos deportes el objetivo es estar en unos JJOO, y como personas que llevamos toda la vida dedic\u00e1ndonos nos har\u00eda mucha ilusi\u00f3n y porque no, poder realizar ese sue\u00f1o los dos a la vez. Pero no es f\u00e1cil.<\/p>\n<p style=\"text-align: justify;\">En mi caso, con 29-30 a\u00f1os y tal como est\u00e1 evolucionando el triatl\u00f3n, quiz\u00e1s s\u00ed que sea la \u00faltima oportunidad que tenga. He dejado pasar dos oportunidades, pero ha sido por el nivel de otros atletas que no he podido estar en la selecci\u00f3n. S\u00ed que para esta vez llego en mi mejor momento personal y profesional, en la madurez deportiva y en la mejor edad para un deporte de resistencia. Me he fijado esta meta y voy a dejar la piel para conseguirla.<\/p>\n<h6 style=\"text-align: justify;\"><img fetchpriority=\"high\" decoding=\"async\" class=\"alignright\" alt=\"\" src=\"https:\/\/dl.dropboxusercontent.com\/u\/3879676\/triATLETAS\/imatges\/entrevistes\/Cesc%20Godoy\/Captura%20de%20pantalla%202013-10-02%20a%20la%28s%29%2021.31.19.jpg\" width=\"306\" height=\"452\" \/>En poco m\u00e1s de dos semanas se disputa en tu ciudad, el Garmin Barcelona Triathlon. El a\u00f1o pasado compitieron cerca de 7.000 triatletas. \u00bfC\u00f3mo ves el furor del triatl\u00f3n amateur?<\/h6>\n<p style=\"text-align: justify;\">Est\u00e1 evolucionando much\u00edsimo, sobre todo aqu\u00ed en Barcelona y gracias a la Garmin Barcelona Triathlon. A\u00f1o tras a\u00f1o han ido superando el n\u00famero de participantes y eso hace que sea una oportunidad muy bonita no solo para los amateurs, sino tambi\u00e9n para los profesionales. Yo creo que el triatl\u00f3n re\u00fane varias condiciones y por eso ha habido este boom. Poder compartir entrenamientos con compa\u00f1eros, no caer en la rutina de una sola disciplina, la espectacularidad de un deporte muy pl\u00e1stico con las transiciones o el correr con mucha fatiga. Ha ayudado que gente famosa lo haya practicado y creo que la tambi\u00e9n la sociedad en s\u00ed. Cada vez le damos m\u00e1s importancia a estar sanos y en forma, y el triatl\u00f3n es un deporte que re\u00fane todas esas condiciones. Por eso creo que la gente lo coge con tantas ganas\u2026 y \u00a1que dure!<\/p>\n<h6 style=\"text-align: justify;\"><strong>Para los que no lo conozcan, \u00bfnos podr\u00edas explicar un poco cada segmento de la carrera y el ambiente que se vive esa ma\u00f1ana en la playa de Barcelona?<\/strong><\/h6>\n<p style=\"text-align: justify;\">Cada disciplina es muy particular. Nadamos en aguas abiertas, en el mar, y hay que saberse orientar. Tambi\u00e9n es importante, aunque a veces es imposible, evitar los golpes al salir todos juntos. Es muy distinto a nadar en la piscina, y es lo que la mayor\u00eda de gente comenta. La bicicleta no tiene mucho secreto, pero hay que saber ir en grupo, y m\u00e1s aqu\u00ed que es un triatl\u00f3n muy numeroso. Adem\u00e1s es muy bonito porque \u201cla Garmin\u201d pasa por lugares emblem\u00e1ticos de la ciudad de Barcelona. Y al final, la carrera a pi\u00e9 es a una sola vuelta de 10km, lo que no es muy habitual y creo que eso ayuda al boom de inscripciones que tiene.<\/p>\n<h6 style=\"text-align: justify;\"><strong>La saga Godoy ha marcado una \u00e9poca en el triatl\u00f3n nacional. \u00bfQu\u00e9 importancia tuvo y tiene tu familia en que te dediques al triatl\u00f3n?<\/strong><\/h6>\n<p style=\"text-align: justify;\">El cien por cien. Mi padre fue el mejor triatleta espa\u00f1ol del a\u00f1o 90 al 94, campe\u00f3n de Espa\u00f1a en cuatro ocasiones e incluso gan\u00f3 tambi\u00e9n el t\u00edtulo de duatl\u00f3n. Yo lo acompa\u00f1aba junto con mi madre todos esos a\u00f1os y so\u00f1aba alg\u00fan d\u00eda poder practicarlo. Pero en aquella \u00e9poca no hab\u00eda tanta promoci\u00f3n, ni triatlones para ni\u00f1os. Tuve que esperar a los 14 a\u00f1os, cuando ya me pude empezar a dedicar en categor\u00eda juvenil.<\/p>\n<p style=\"text-align: justify;\">En mi casa se viv\u00eda cuando no era conocido e incluso la gente en clase apenas sab\u00eda lo que era y me preguntaban a que se dedicaba mi padre. Ahora la cosa ha cambiado mucho y todo el mundo sabe que es. Mi padre no se dedic\u00f3 profesionalmente, pero al nivel que me tengo que dedicar yo, s\u00ed que lo soy. Es muy bonito poder seguir haciendo lo mismo en casa y compartir las experiencias que vamos viviendo.<\/p>\n<h6 style=\"text-align: justify;\"><strong>\u00bfLe inculcar\u00edas el triatl\u00f3n a tu hijo (si lo tuvieras)?<\/strong><\/h6>\n<p style=\"text-align: justify;\">S\u00ed, por supuesto. Evidentemente, si tengo alg\u00fan d\u00eda hijos (risas), me gustar\u00e1 que hagan deporte. Lo que har\u00e9 seguro es ense\u00f1arle a nadar pero cuando sea mayor, que \u00e9l decida y que disfruten haciendo lo que m\u00e1s les guste. Si quieren practicarlo, tendr\u00e1n un padre y un abuelo que lo habr\u00e1n practicado. Pero al final, uno a nivel profesional acaba muy quemado y prefiere olvidarlo porque es un deporte muy sacrificado y no todo el mundo tiene las ganas y la motivaci\u00f3n. Veremos tambi\u00e9n c\u00f3mo evoluciona la sociedad. Tengo un hermano m\u00e1s peque\u00f1o y ya le veo que, aunque hace nataci\u00f3n, le cuesta m\u00e1s que a m\u00ed o a mi hermana.<\/p>\n<h6 style=\"text-align: justify;\"><strong>Ya para ir acabando y hablando del futuro del triatl\u00f3n. Te proclamaste Campe\u00f3n de Espa\u00f1a de triatl\u00f3n sprint en Altafulla este verano. \u00bfC\u00f3mo ves la futura generaci\u00f3n de triatletas nacionales?<\/strong><\/h6>\n<p style=\"text-align: justify;\">En los \u00faltimos a\u00f1os el nivel ha sido alt\u00edsimo. Soy un poco mayor que ellos y he visto ganar t\u00edtulos a Mario Mola o Fernando Alarza, campeones del mundo junior y grandes resultados en sub23. Y ahora en \u00e9lite lo est\u00e1n haciendo genial. En la generaci\u00f3n que viene detr\u00e1s, si han salido ahora, seguro que van a seguir saliendo talentos. El problema es que los que han salido ahora son tan buenos que los chicos que vienen ahora por detr\u00e1s les va a costar un poco repetir. Es un poco lo que le puede pasar al Bar\u00e7a.<\/p>\n<p style=\"text-align: justify;\">Seguro que saldr\u00e1n triatletas entre los diez mejores de su categor\u00eda, que son grand\u00edsimos resultados, pero el list\u00f3n est\u00e1 muy alto. Para mi Javi Gomez Noya es el mejor triatleta de la historia y parece que el resto que venimos por detr\u00e1s lo hacemos bien, con un 10 o un 15 en carrera y pero tenemos la sensaci\u00f3n que la gente no lo valora. Lo hacen tan f\u00e1cil que parece que no tenga m\u00e9rito. Pero seguro que tal y como est\u00e1 el triatl\u00f3n en Espa\u00f1a van a seguir saliendo j\u00f3venes talentos con muchas ganas y seguir\u00e1n dominando las categor\u00edas menores.<\/p>\n<h6 style=\"text-align: justify;\"><strong>\u00bfY la gesti\u00f3n federativa que se est\u00e1 llevando a cabo en estos momentos de crisis?<\/strong><\/h6>\n<p style=\"text-align: justify;\">Es complicado porque no solo lo est\u00e1n sufriendo las federaciones. Como todos, hay que apretarse el cintur\u00f3n y es cierto que no hay todas las ayudas para el deporte que nos gustar\u00edan pero hay que adaptarse. Por otro lado, s\u00ed que ha habido algunas acciones que no estoy de acuerdo o no he compartido, como ya se hizo p\u00fablico en el pasado de aumentos de sueldos y dem\u00e1s en tiempos dif\u00edciles. En nuestro caso tenemos unas normas y hay que aceptarlas, estemos o no de acuerdo. Si no hay tanto dinero para viajes o para becas, tendremos que entrenar m\u00e1s, ser mejores y ganar m\u00e1s carreras, y buscar recursos en la empresa privada para poder seguir siendo deportistas.<\/p>\n<a class=\"vc_btn vc_btn-blue vc_btn-sm vc_btn_square \" href=\"http:\/\/www.facebook.com\/francescgodoy17\" rel=\"nofollow noopener\" target=\"_blank\">facebook<\/a>\n<a class=\"vc_btn vc_btn-blue vc_btn-sm vc_btn_square \" href=\"http:\/\/twitter.com\/cescgodoy\" rel=\"nofollow noopener\" target=\"_blank\">@cescgodoy<\/a>\n<a class=\"vc_btn vc_btn-orange vc_btn-sm vc_btn_square \" href=\"https:\/\/twitter.com\/pablobosch93\" rel=\"nofollow noopener\" target=\"_blank\">@pablobosch93<\/a>\n<p><em><strong>im\u00e1genes facebook Cesc Godoy<\/strong><\/em><\/p>\n","protected":false},"excerpt":{"rendered":"<p>Pablo Bosch \u2013 El catal\u00e1n Cesc Godoy est\u00e1 a punto de cerrar la que ha sido su mejor temporada a nivel de resultados. Y se ha marcado un objetivo para las pr\u00f3ximas temporadas: los JJOO de R\u00edo 2016. Una apuesta ambiciosa, pero que con el tes\u00f3n del barcelon\u00e9s, puede hacerse realidad. Este domingo le podremos [&hellip;]<\/p>\n","protected":false},"author":6,"featured_media":17167,"comment_status":"open","ping_status":"open","sticky":false,"template":"","format":"standard","meta":{"_acf_changed":false,"rank_math_lock_modified_date":false,"footnotes":""},"categories":[17,10],"tags":[299,437,111,886,250,1160,820,87,1208,631,461,1000,720,24],"class_list":{"0":"post-17159","1":"post","2":"type-post","3":"status-publish","4":"format-standard","5":"has-post-thumbnail","7":"category-actualidad","8":"category-entrevistas-triatlon","9":"tag-anna-godoy","10":"tag-cesc-godoy","11":"tag-ciclismo","12":"tag-correr","13":"tag-garmin-barcelona-triathlon","14":"tag-godoy","15":"tag-jjoo","16":"tag-natacion","17":"tag-rio-2016","18":"tag-run","19":"tag-swim","20":"tag-tri","21":"tag-triatlo","22":"tag-triatlon"},"acf":[],"_links":{"self":[{"href":"https:\/\/miurltemporal.com/main/triatletasenred.sport.es\/wp-json\/wp\/v2\/posts\/17159"}],"collection":[{"href":"https:\/\/miurltemporal.com/main/triatletasenred.sport.es\/wp-json\/wp\/v2\/posts"}],"about":[{"href":"https:\/\/miurltemporal.com/main/triatletasenred.sport.es\/wp-json\/wp\/v2\/types\/post"}],"author":[{"embeddable":true,"href":"https:\/\/miurltemporal.com/main/triatletasenred.sport.es\/wp-json\/wp\/v2\/users\/6"}],"replies":[{"embeddable":true,"href":"https:\/\/miurltemporal.com/main/triatletasenred.sport.es\/wp-json\/wp\/v2\/comments?post=17159"}],"version-history":[{"count":0,"href":"https:\/\/miurltemporal.com/main/triatletasenred.sport.es\/wp-json\/wp\/v2\/posts\/17159\/revisions"}],"wp:featuredmedia":[{"embeddable":true,"href":"https:\/\/miurltemporal.com/main/triatletasenred.sport.es\/wp-json\/wp\/v2\/media\/17167"}],"wp:attachment":[{"href":"https:\/\/miurltemporal.com/main/triatletasenred.sport.es\/wp-json\/wp\/v2\/media?parent=17159"}],"wp:term":[{"taxonomy":"category","embeddable":true,"href":"https:\/\/miurltemporal.com/main/triatletasenred.sport.es\/wp-json\/wp\/v2\/categories?post=17159"},{"taxonomy":"post_tag","embeddable":true,"href":"https:\/\/miurltemporal.com/main/triatletasenred.sport.es\/wp-json\/wp\/v2\/tags?post=17159"}],"curies":[{"name":"wp","href":"https:\/\/api.w.org\/{rel}","templated":true}]}}