{"id":17069,"date":"2013-09-29T19:55:00","date_gmt":"2013-09-29T19:55:00","guid":{"rendered":"http:\/\/triatletasenred.com\/?p=17069"},"modified":"2016-02-26T18:18:23","modified_gmt":"2016-02-26T16:18:23","slug":"cronica-desde-el-dorsal-wild-wolf-triathlon-series-by-polar-de-gava","status":"publish","type":"post","link":"https:\/\/miurltemporal.com/main/triatletasenred.sport.es\/actualidad\/cronica-desde-el-dorsal-wild-wolf-triathlon-series-by-polar-de-gava\/","title":{"rendered":"Cr\u00f3nica desde el dorsal: Wild Wolf Triathlon Series by Polar de Gav\u00e0"},"content":{"rendered":"<h4 style=\"text-align: justify;\">SEGUNDO L\u00d3PEZ &#8211; 6:30 de la ma\u00f1ana y unas t\u00edmidas gotas humedecen el parabrisas del coche camino de la Wild Wolf Tri de Gav\u00e0, para nada presagio de lo que acabar\u00eda siendo una jornada festiva y soleada.<\/h4>\n<p style=\"text-align: justify;\">Minutos antes de cerrar boxes y una vez ya recogidos los dorsales y dejadas las bicicletas, los nervios t\u00edpicos antes de meternos en el agua.\u00a0 En esta ocasi\u00f3n, comentado con los amigos, adem\u00e1s con esa sensaci\u00f3n de que algo nos dej\u00e1bamos y es que eso de coger el dorsal el mismo d\u00eda de la prueba, colocarlo, dejar la bici etc. en boxes, bolsas en guardarrop\u00eda, dirigirte a la salida del swim, todo ello en menos de 1 hora, te hace pensar err\u00f3neamente que algo no va bien. Nada que ver con la realidad.<\/p>\n<p style=\"text-align: justify;\">Ya en la linea de salida del swim, con un d\u00eda que despertaba y que apuntaba a soleado, el mar, gracioso, obliga a la organizaci\u00f3n a acortar el tramo de swim por seguridad, ante unas olas que eran m\u00e1s propias de una prueba de surf que de un triatl\u00f3n. La organizaci\u00f3n, si bien acertada en mirar por la integridad f\u00edsica de los participantes al no permitir una doble entrada y salida, quiz\u00e1s pod\u00eda haber elegido un recorrido a una vuelta algo m\u00e1s largo una vez pasada la primera boya que nos hubiera permitido disfrutar algo m\u00e1s de un agua c\u00e1lida, ya en este oto\u00f1o que ahora empieza. En cualquier caso, un tramo de nataci\u00f3n, que si bien accidentado en su inicio, muy r\u00e1pido y refrescante que nos dar\u00eda paso a la siguiente disciplina.<\/p>\n<p style=\"text-align: justify;\">Despu\u00e9s de una transici\u00f3n que se antojaba m\u00e1s que larga, iniciamos el tramo de bici que esta vez constaba de unos 38Km muy r\u00e1pidos, en dos vueltas de 19Km. Bici la de hoy algo peligrosa, debido a la alta participaci\u00f3nde los triatletas que tan bien han respondido a esta iniciativa de Wild Wolf. Numerosos pelotones de ciclistas por las carreteras de Gav\u00e0, con abanicos multicolores interminables, hacen que en el tramo de bici salgan medias impensables en salidas individuales y que hacen las delicias de los amantes de la velocidad sobre dos ruedas y sin motor. No obstante, en el pecado la penitencia, tramo de bici muy accidentado con numerosas ca\u00eddas debido a las aglomeraciones, la estrechez de las carreteras en algunos tramos y los bumpers que, a\u00f1o tras a\u00f1o, dan m\u00e1s de un disgusto. Es una l\u00e1stima pensar tan proactivamente en la seguridad de los triatl\u00e9tas en el agua y no ser reactivos y quiz\u00e1s elegir un tramo diferente de bici ante los cada vez m\u00e1s habituales accidentes en \u00e9ste trazado de bici que se suceden a\u00f1o tras a\u00f1o. Un peque\u00f1o &#8220;pero&#8221; a esta gran organizaci\u00f3n 2013.<\/p>\n<p style=\"text-align: justify;\">Tras la bici, la carrera. Transici\u00f3n larga otra vez, para iniciar un tramo de run agradecido y simp\u00e1tico, vora mar, de unos 9.6K en dos vueltas muy r\u00e1pidas, sin desnivel alguno donde los triatletas ten\u00edan ocasi\u00f3n de cruzarse repetidas veces con sus compa\u00f1eros y dedicarse deseos de \u00e1nimo y suerte. Un run muy r\u00e1pido que hizo permiti\u00f3 ara\u00f1ar segundos a los cronos, que hizo las marcas bajaran y que m\u00e1s de un triatleta se llevara un m\u00e1s que buen recuerdo de esta Tri de Gav\u00e0 cada vez m\u00e1s popular y que ya cierra temporada para muchos.<\/p>\n<p style=\"text-align: justify;\"><a class=\"vc_btn vc_btn-red vc_btn-sm vc_btn_square \" href=\"https:\/\/twitter.com\/TriathlonSeries\" rel=\"nofollow noopener\" target=\"_blank\">@TriathlonSeries<\/a><\/p>\n<p style=\"text-align: justify;\"><a class=\"vc_btn vc_btn-orange vc_btn-sm vc_btn_square \" href=\"https:\/\/twitter.com\/LopezSegundo\" rel=\"nofollow noopener\" target=\"_blank\">@LopezSegundo<\/a><\/p>\n<p style=\"text-align: justify;\">imagen de\u00a0<a title=\"http:\/\/www.eurotri.com\/\" href=\"http:\/\/www.eurotri.com\/\" target=\"_blank\" rel=\"nofollow noopener\">http:\/\/www.eurotri.com\/<\/a><\/p>\n","protected":false},"excerpt":{"rendered":"<p>SEGUNDO L\u00d3PEZ &#8211; 6:30 de la ma\u00f1ana y unas t\u00edmidas gotas humedecen el parabrisas del coche camino de la Wild Wolf Tri de Gav\u00e0, para nada presagio de lo que acabar\u00eda siendo una jornada festiva y soleada. Minutos antes de cerrar boxes y una vez ya recogidos los dorsales y dejadas las bicicletas, los nervios [&hellip;]<\/p>\n","protected":false},"author":6,"featured_media":17070,"comment_status":"open","ping_status":"open","sticky":false,"template":"","format":"standard","meta":{"_acf_changed":false,"rank_math_lock_modified_date":false,"footnotes":""},"categories":[17],"tags":[111,886,1187,87,631,461,1000,720,24,1186,32],"class_list":{"0":"post-17069","1":"post","2":"type-post","3":"status-publish","4":"format-standard","5":"has-post-thumbnail","7":"category-actualidad","8":"tag-ciclismo","9":"tag-correr","10":"tag-gava","11":"tag-natacion","12":"tag-run","13":"tag-swim","14":"tag-tri","15":"tag-triatlo","16":"tag-triatlon","17":"tag-triatlon-gava","18":"tag-wild-wolf-series"},"acf":[],"_links":{"self":[{"href":"https:\/\/miurltemporal.com/main/triatletasenred.sport.es\/wp-json\/wp\/v2\/posts\/17069"}],"collection":[{"href":"https:\/\/miurltemporal.com/main/triatletasenred.sport.es\/wp-json\/wp\/v2\/posts"}],"about":[{"href":"https:\/\/miurltemporal.com/main/triatletasenred.sport.es\/wp-json\/wp\/v2\/types\/post"}],"author":[{"embeddable":true,"href":"https:\/\/miurltemporal.com/main/triatletasenred.sport.es\/wp-json\/wp\/v2\/users\/6"}],"replies":[{"embeddable":true,"href":"https:\/\/miurltemporal.com/main/triatletasenred.sport.es\/wp-json\/wp\/v2\/comments?post=17069"}],"version-history":[{"count":0,"href":"https:\/\/miurltemporal.com/main/triatletasenred.sport.es\/wp-json\/wp\/v2\/posts\/17069\/revisions"}],"wp:featuredmedia":[{"embeddable":true,"href":"https:\/\/miurltemporal.com/main/triatletasenred.sport.es\/wp-json\/wp\/v2\/media\/17070"}],"wp:attachment":[{"href":"https:\/\/miurltemporal.com/main/triatletasenred.sport.es\/wp-json\/wp\/v2\/media?parent=17069"}],"wp:term":[{"taxonomy":"category","embeddable":true,"href":"https:\/\/miurltemporal.com/main/triatletasenred.sport.es\/wp-json\/wp\/v2\/categories?post=17069"},{"taxonomy":"post_tag","embeddable":true,"href":"https:\/\/miurltemporal.com/main/triatletasenred.sport.es\/wp-json\/wp\/v2\/tags?post=17069"}],"curies":[{"name":"wp","href":"https:\/\/api.w.org\/{rel}","templated":true}]}}