{"id":16998,"date":"2013-09-29T05:22:58","date_gmt":"2013-09-29T05:22:58","guid":{"rendered":"http:\/\/triatletasenred.com\/?p=16998"},"modified":"2013-10-04T05:48:41","modified_gmt":"2013-10-04T05:48:41","slug":"impresionante-cartel-de-triatletas-en-la-garmin-barcelona-triathlon","status":"publish","type":"post","link":"https:\/\/miurltemporal.com/main/triatletasenred.sport.es\/actualidad\/impresionante-cartel-de-triatletas-en-la-garmin-barcelona-triathlon\/","title":{"rendered":"Nuestra Previa de la Garmin Barcelona Triathlon"},"content":{"rendered":"<h3 style=\"text-align: justify;\">El triatl\u00f3n nacional est\u00e1 demostrando estar en un excelente estado de forma y la Garmin Barcelona Triathlon es un gran term\u00f3metro para ver en directo el espect\u00e1culo de nuestro deporte, bien participando o animando por las calles de la Vila Ol\u00edmpica catalana.<\/h3>\n<p style=\"text-align: justify;\"><img decoding=\"async\" class=\"alignleft\" alt=\"\" src=\"http:\/\/vamosacorrer.elcorreo.com\/imagenes\/2013\/09\/24\/garmin-alarza-texto2.jpg\" width=\"127\" height=\"202\" \/><strong>Mario Mola<\/strong> se presenta con el cartel de favorito tras su meritorio y espectacular tercer puesto en Londres. Ante \u00e9l parte de la TRIarmada nacional con <strong>Fernando Alarza y Cesc Godoy<\/strong> en un gran momento. \u00a0No podemos obviar al italiano Alessandro Fabian segundo en Londres justo delante del mallorqu\u00edn y que seguro ser\u00e1 otro de los \u00e9lite que vienen a por el triunfo. Se suman a la pelea el brit\u00e1nico\u00a0<strong>Matt Sharp<\/strong> y el doblemente ol\u00edmpico por Polonia\u00a0<strong>Marek Jaskolka.<\/strong><\/p>\n<p style=\"text-align: justify;\">Si en el cap\u00edtulo masculino la guerra esta servida, las chicas no van a ser menos en su quimera :\u00a0<strong>Jodie Stimpson<\/strong>,<img decoding=\"async\" class=\"alignright\" alt=\"\" src=\"http:\/\/www.triatlon.org\/noticias\/fotos\/Ainhoa.jpg\" width=\"147\" height=\"122\" \/> recientemente SubCampeona del Mundo en\u00a0Londres parece apuntar a la victoria aunque la sudafricana\u00a0<strong>Gilian Sanders<\/strong> certifica unas grandes marcas esta temporada y nuestra\u00a0<strong>Ainhoa Murua<\/strong> viene fuerte para pelear por la cinta de meta.\u00a0La triARMADA la completan <strong>Carolina Routier y Anna Godoy<\/strong> que lo dar\u00e1n todo por consolidarse tambi\u00e9n en el \u00e1mbito internacional.<\/p>\n<p style=\"text-align: justify;\">La cita, el 6 de octubre y Barcelona la anfitriona de lujo para profesionales y los miles de populares que participar\u00e1n en el emblem\u00e1tico Garmin Barcelona Triathlon.<\/p>\n<p style=\"text-align: justify;\">\n","protected":false},"excerpt":{"rendered":"<p>El triatl\u00f3n nacional est\u00e1 demostrando estar en un excelente estado de forma y la Garmin Barcelona Triathlon es un gran term\u00f3metro para ver en directo el espect\u00e1culo de nuestro deporte, bien participando o animando por las calles de la Vila Ol\u00edmpica catalana. Mario Mola se presenta con el cartel de favorito tras su meritorio y [&hellip;]<\/p>\n","protected":false},"author":2,"featured_media":16485,"comment_status":"open","ping_status":"open","sticky":false,"template":"","format":"standard","meta":{"_acf_changed":false,"rank_math_lock_modified_date":false,"footnotes":""},"categories":[17,19],"tags":[500,936,111,886,362,935,631,461,1000,720,24],"class_list":{"0":"post-16998","1":"post","2":"type-post","3":"status-publish","4":"format-standard","5":"has-post-thumbnail","7":"category-actualidad","8":"category-competiciones","9":"tag-barcelona","10":"tag-barcelona-triathlon","11":"tag-ciclismo","12":"tag-correr","13":"tag-garmin","14":"tag-garmin-triathlon","15":"tag-run","16":"tag-swim","17":"tag-tri","18":"tag-triatlo","19":"tag-triatlon"},"acf":[],"_links":{"self":[{"href":"https:\/\/miurltemporal.com/main/triatletasenred.sport.es\/wp-json\/wp\/v2\/posts\/16998"}],"collection":[{"href":"https:\/\/miurltemporal.com/main/triatletasenred.sport.es\/wp-json\/wp\/v2\/posts"}],"about":[{"href":"https:\/\/miurltemporal.com/main/triatletasenred.sport.es\/wp-json\/wp\/v2\/types\/post"}],"author":[{"embeddable":true,"href":"https:\/\/miurltemporal.com/main/triatletasenred.sport.es\/wp-json\/wp\/v2\/users\/2"}],"replies":[{"embeddable":true,"href":"https:\/\/miurltemporal.com/main/triatletasenred.sport.es\/wp-json\/wp\/v2\/comments?post=16998"}],"version-history":[{"count":0,"href":"https:\/\/miurltemporal.com/main/triatletasenred.sport.es\/wp-json\/wp\/v2\/posts\/16998\/revisions"}],"wp:featuredmedia":[{"embeddable":true,"href":"https:\/\/miurltemporal.com/main/triatletasenred.sport.es\/wp-json\/wp\/v2\/media\/16485"}],"wp:attachment":[{"href":"https:\/\/miurltemporal.com/main/triatletasenred.sport.es\/wp-json\/wp\/v2\/media?parent=16998"}],"wp:term":[{"taxonomy":"category","embeddable":true,"href":"https:\/\/miurltemporal.com/main/triatletasenred.sport.es\/wp-json\/wp\/v2\/categories?post=16998"},{"taxonomy":"post_tag","embeddable":true,"href":"https:\/\/miurltemporal.com/main/triatletasenred.sport.es\/wp-json\/wp\/v2\/tags?post=16998"}],"curies":[{"name":"wp","href":"https:\/\/api.w.org\/{rel}","templated":true}]}}