{"id":16745,"date":"2013-09-18T22:25:36","date_gmt":"2013-09-18T22:25:36","guid":{"rendered":"http:\/\/triatletasenred.com\/?p=16745"},"modified":"2013-09-23T06:18:54","modified_gmt":"2013-09-23T06:18:54","slug":"cavalls-del-vent-2013-lista-de-material-obligatorio","status":"publish","type":"post","link":"https:\/\/miurltemporal.com/main/triatletasenred.sport.es\/actualidad\/cavalls-del-vent-2013-lista-de-material-obligatorio\/","title":{"rendered":"Especial Cavalls del Vent 2013: Check List &#8211; Prepara tu ultra-mochila"},"content":{"rendered":"<h5 style=\"text-align: justify;\">Fernando Lopez llevara a triatletasenred a vivir la Cavalls del Vent desde dentro, la mochila y el material obligatorio ser\u00e1 fundamental en esta edici\u00f3n.<\/h5>\n<p style=\"text-align: justify;\">Este fin de semana del 21-22 de Septiembre se celebra mi tan esperada Cavalls del Vent &#8217;13, una prueba de Ultraresistencia que este a\u00f1o ha pasado a ser &#8220;centenaria&#8221;, 100kms y 6.600+ que no dejar\u00e1n indiferente a nadie. El cartel, en la l\u00ednea de salida, es enorme a pesar de\u00a0 ser un poco descafeinado con respecto a la pasada edici\u00f3n ya que al no estar incluida en las Sky Races, atletas como Kilian o Anton Krupitcka no acudir\u00e1n.<\/p>\n<p style=\"text-align: justify;\">Este a\u00f1o habr\u00e1 que tener muy en cuenta el <strong>material obligatorio<\/strong>, ya que\u00a0 la organizaci\u00f3n no quiere correr ning\u00fan riesgo como en la pasada edicion,\u00a0 as\u00ed que esta es la lista:<\/p>\n<ul style=\"text-align: justify;\">\n<li>Tel\u00e9fono m\u00f3vil: Con la bater\u00eda totalmente cargada, roaming activado y encendido durante toda la prueba.<\/li>\n<li>Luz frontal: En perfecto estado de funcionamiento y con pilas cargadas<\/li>\n<li>Pilas de repuesto \u00a0o un segundo frontal<\/li>\n<li>Manta t\u00e9rmica: Superficie m\u00ednima (1,4 x 2 m)<\/li>\n<li>Silbato<\/li>\n<li>Vaso para avituallamiento l\u00edquido: En los avituallamientos no se facilitar\u00e1n vasos para la reposici\u00f3n de l\u00edquidos.<\/li>\n<li>(*)Chaqueta cortavientos: Que cubra todo el tronco, incluidos los brazos.<\/li>\n<li>Gorra o Braga: Que cubra toda la cabeza<\/li>\n<li>Contenedores y \/ o bolsa l\u00edquidos: Con capacidad m\u00ednima total de 1L<\/li>\n<li>Camiseta t\u00e9rmica: De manga larga. Algod\u00f3n no permitido.<\/li>\n<li>Pantalones o mallas: Ambos pueden ser cortos si combinados con calcetines cubren totalmente las piernas.<\/li>\n<li>Gorro Caliente: Para el frio<\/li>\n<li>Guantes.<\/li>\n<li>(*)Chaqueta impermeable con capucha: De Gore-Tex o aislante t\u00e9rmico transpirable similar.<\/li>\n<li>Pantalones impermeables: Recomendado Gore-Tex o aislante t\u00e9rmico transpirable similar.<\/li>\n<li>(*) No ser\u00e1 obligatorio llevar chaqueta impermeable y cortavientos vez. Llevar la chaqueta impermeable exime llevar el cortavientos.<\/li>\n<\/ul>\n<p style=\"text-align: justify;\">Por otro lado, hay un material recomendado inicialmente pero que puede que a partir del Viernes a las 12 del mediodia junto con el parte meteorol\u00f3gico que en principio es favorable, se modifique parte del material obligatorio y pase a ser material recomendado.<\/p>\n<ul>\n<li style=\"text-align: justify;\">Gafas de sol: Lentes de pl\u00e1stico.<\/li>\n<li style=\"text-align: justify;\">Bastones: Altamente recomendables por lluvia o nieve.<\/li>\n<li style=\"text-align: justify;\">Crema Solar: De protecci\u00f3n total<\/li>\n<li style=\"text-align: justify;\">Electrolitos o \/ o sales minerales<\/li>\n<li style=\"text-align: justify;\">Reserva alimentaria: Barritas, geles, fruta &#8230;<\/li>\n<li style=\"text-align: justify;\">Mini botiqu\u00edn: Con material para curar peque\u00f1as heridas, cortes o rozaduras.<\/li>\n<li style=\"text-align: justify;\">Mochila adecuada: En volumen de nuestro material y ritmo de carrera<\/li>\n<li style=\"text-align: justify;\">Navaja multiusos: Para cortar vendajes, cordeles, bridas .. etc<\/li>\n<li style=\"text-align: justify;\">Cordel o brida: Para cerrar la bolsa transportada en Bellver<\/li>\n<\/ul>\n<p style=\"text-align: justify;\">De todo lo obligatorio, yo llevar\u00e9 lo b\u00e1sico que se pide en cualquier Ultra. La camiseta t\u00e9rmica, pantal\u00f3n impermeable, gorro y guantes espero que lo descarten el viernes, la previsi\u00f3n meteorol\u00f3gica es buena, as\u00ed que no nos har\u00edan falta y nos ahorrar\u00edamos un peso estrat\u00e9gico en la mochila.<\/p>\n<p style=\"text-align: justify;\">Pues nada, deseando que llegue el viernes para estar ya con el cuerpo en tensi\u00f3n, viviendo el Brieffing del viernes y el s\u00e1bado a las 7 de la ma\u00f1ana a \u00a1\u00a1\u00a1DARLO TODO!!!<\/p>\n<p style=\"text-align: justify;\">Os dejo el video de la pasada edici\u00f3n y espero que sint\u00e1is lo mismo que yo cada vez que lo veo, go!!!<\/p>\n<p style=\"text-align: justify;\">[youtube id=&#8221;Ea8MtsQ3mwY&#8221; width=&#8221;620&#8243; height=&#8221;360&#8243;]<\/p>\n<p style=\"text-align: justify;\">Un recuerdo a Teresa Nimes, siempre estar\u00e1 acompa\u00f1ando a todos los CABALLEROS por el Cad\u00ed, donde est\u00e9s, D.E.P. 3A<\/p>\n<p><a class=\"vc_btn vc_btn-blue vc_btn-sm vc_btn_square \" href=\"http:\/\/fernandolopezalcaraz.blogspot.com.es\/\" rel=\"nofollow noopener\" target=\"_blank\">Espacio de fernando<\/a><br \/>\n<a class=\"vc_btn vc_btn-blue vc_btn-sm vc_btn_square \" href=\"https:\/\/twitter.com\/PotySonia\" rel=\"nofollow noopener\" target=\"_blank\">@PotySonia<\/a><br \/>\n<a class=\"vc_btn vc_btn-blue vc_btn-sm vc_btn_square \" href=\"http:\/\/www.facebook.com\/fernando.lopezalcaraz.5\" rel=\"nofollow noopener\" target=\"_blank\">facebook<\/a><\/p>\n","protected":false},"excerpt":{"rendered":"<p>Fernando Lopez llevara a triatletasenred a vivir la Cavalls del Vent desde dentro, la mochila y el material obligatorio ser\u00e1 fundamental en esta edici\u00f3n. Este fin de semana del 21-22 de Septiembre se celebra mi tan esperada Cavalls del Vent &#8217;13, una prueba de Ultraresistencia que este a\u00f1o ha pasado a ser &#8220;centenaria&#8221;, 100kms y [&hellip;]<\/p>\n","protected":false},"author":6,"featured_media":16746,"comment_status":"open","ping_status":"open","sticky":false,"template":"","format":"standard","meta":{"_acf_changed":false,"rank_math_lock_modified_date":false,"footnotes":""},"categories":[17,19],"tags":[1118,755,102,559,1115,997,101],"class_list":{"0":"post-16745","1":"post","2":"type-post","3":"status-publish","4":"format-standard","5":"has-post-thumbnail","7":"category-actualidad","8":"category-competiciones","9":"tag-check-list","10":"tag-lista-de-material","11":"tag-trail","12":"tag-ultra","13":"tag-ultra-cavalls-del-vent","14":"tag-ultra-trail","15":"tag-ultrarun"},"acf":[],"_links":{"self":[{"href":"https:\/\/miurltemporal.com/main/triatletasenred.sport.es\/wp-json\/wp\/v2\/posts\/16745"}],"collection":[{"href":"https:\/\/miurltemporal.com/main/triatletasenred.sport.es\/wp-json\/wp\/v2\/posts"}],"about":[{"href":"https:\/\/miurltemporal.com/main/triatletasenred.sport.es\/wp-json\/wp\/v2\/types\/post"}],"author":[{"embeddable":true,"href":"https:\/\/miurltemporal.com/main/triatletasenred.sport.es\/wp-json\/wp\/v2\/users\/6"}],"replies":[{"embeddable":true,"href":"https:\/\/miurltemporal.com/main/triatletasenred.sport.es\/wp-json\/wp\/v2\/comments?post=16745"}],"version-history":[{"count":0,"href":"https:\/\/miurltemporal.com/main/triatletasenred.sport.es\/wp-json\/wp\/v2\/posts\/16745\/revisions"}],"wp:featuredmedia":[{"embeddable":true,"href":"https:\/\/miurltemporal.com/main/triatletasenred.sport.es\/wp-json\/wp\/v2\/media\/16746"}],"wp:attachment":[{"href":"https:\/\/miurltemporal.com/main/triatletasenred.sport.es\/wp-json\/wp\/v2\/media?parent=16745"}],"wp:term":[{"taxonomy":"category","embeddable":true,"href":"https:\/\/miurltemporal.com/main/triatletasenred.sport.es\/wp-json\/wp\/v2\/categories?post=16745"},{"taxonomy":"post_tag","embeddable":true,"href":"https:\/\/miurltemporal.com/main/triatletasenred.sport.es\/wp-json\/wp\/v2\/tags?post=16745"}],"curies":[{"name":"wp","href":"https:\/\/api.w.org\/{rel}","templated":true}]}}