{"id":16629,"date":"2013-09-12T20:51:25","date_gmt":"2013-09-12T20:51:25","guid":{"rendered":"http:\/\/triatletasenred.com\/?p=16629"},"modified":"2016-02-26T18:18:30","modified_gmt":"2016-02-26T16:18:30","slug":"previa-de-la-wild-wolf-triathlon-series-by-polar-de-san-sebastian","status":"publish","type":"post","link":"https:\/\/miurltemporal.com/main/triatletasenred.sport.es\/actualidad\/previa-de-la-wild-wolf-triathlon-series-by-polar-de-san-sebastian\/","title":{"rendered":"Previa de la Wild Wolf Triathlon Series by Polar de San Sebastian"},"content":{"rendered":"<h5 style=\"text-align: justify;\">Enkarterritriatloi &#8211;\u00a0Llega a la donostiarra playa de Ondarreta la familia triatl\u00e9tica de <a href=\"http:\/\/www.triathlonseries.org\/ts2013\/sansebastian2013_esp.html\" rel=\"nofollow noopener\" target=\"_blank\"><b>Wild Wolf Triathlon Series by Polar 2013<\/b><\/a><b> <\/b>, sede de la 8\u00aa\u00a0 prueba de la franquicia.<\/h5>\n<p style=\"text-align: justify;\">Con la inscripci\u00f3n cerrada desde hace unas fechas, sin\u00f3nimo de la atracci\u00f3n que ejerce la <i>Bella Easo<\/i> sobre el mundo triatl\u00e9tico; ya que no es la primera prueba de similares caracter\u00edsticas que se disputa en la cita localidad, sino que anteriormente y durante el mes de junio se han disputado \u00a1CINCO triatlones!<a href=\"http:\/\/www.triatloi.org\/campus\/pub\/mostrarPrueba.asp?idioma=eu&amp;idPrueba=78\" rel=\"nofollow noopener\" target=\"_blank\"> Donostri<\/a> (9 de junio), <a href=\"http:\/\/www.triatloi.org\/campus\/pub\/mostrarPrueba.asp?idioma=eu&amp;idPrueba=100\" rel=\"nofollow noopener\" target=\"_blank\">III. Triatl\u00f3n en Familia <\/a>(23 de junio), <a href=\"http:\/\/www.triatloi.org\/campus\/pub\/mostrarPrueba.asp?idioma=eu&amp;idPrueba=101\" rel=\"nofollow noopener\" target=\"_blank\">Donostiako Herri Triatloia<\/a> (23 de junio), <a href=\"http:\/\/www.triatloi.org\/campus\/pub\/mostrarPrueba.asp?idioma=eu&amp;idPrueba=81\" rel=\"nofollow noopener\" target=\"_blank\">Donostiako V. Emakumezkoen Triatloia<\/a> (29 de junio) y seguramente uno de los triatlones m\u00e1s m\u00edticos del norte:\u00a0 <a href=\"http:\/\/www.triatloi.org\/campus\/pub\/mostrarPrueba.asp?idioma=ca&amp;idPrueba=82\" rel=\"nofollow noopener\" target=\"_blank\">XXVIII Triatl\u00f3n Internacional del Atl\u00e9tico San Sebastian<\/a>&#8211; Memorial Onditz (30 de junio).<\/p>\n<p style=\"text-align: justify;\">La aventura de las series <b>Wild Wolf by Polar<\/b> arranc\u00f3 all\u00e1 por el 29 de junio en Madrid, y dos meses y medio despu\u00e9s aterriza en la capital gipuzkoana tras un tranquilo mes de agosto en cuanto a pruebas de triatl\u00f3n en nuestra tierra. Un periplo que, adem\u00e1s de la capital madrile\u00f1a, \u00a0ha visitado , en orden cronol\u00f3gico: <b>Castell\u00f3n<\/b>, <b>Barcelona<\/b>, <b>Andorra<\/b>, <b>Tarragona<\/b>, <b>A Coru\u00f1a<\/b> y <b>Palma de Mallorca<\/b>. Y que posteriormente continuar\u00e1 el periplo triatl\u00e9tico por <b>Gav\u00e1<\/b> para dar por finalizadas las series el \u00a05 de octubre en <b>M\u00e1laga<\/b>.<\/p>\n<p style=\"text-align: justify;\">La principal caracter\u00edstica, y que lo hace verdaderamente especial, es la multitud de distancias sobre la que se disputan las series, lo que lo convierte \u00a0en algo muy atractivo para los deportistas que est\u00e9n pensando en iniciarse en el mundo del triatl\u00f3n:<\/p>\n<ul style=\"text-align: justify;\">\n<li>Modalidad sprint (750-20-5)<\/li>\n<li>Modalidad sprint por relevos (750-20-5)<\/li>\n<li>Modalidad ol\u00edmpica (1500-40-10)<\/li>\n<li>Modalidad ol\u00edmpica \u00a0por relevos (1500-40-10)<\/li>\n<\/ul>\n<p style=\"text-align: justify;\">En casi ninguna, por no decir ninguna, de las pruebas que se disputan en territorio vasco se da \u00a0la circustancia de juntar a \u00a11200! triatletas disfrutando de nuestro bello deporte, 1200 inscritos nadando en las aguas de la playa de Ondarreta y corriendo por las calles de una de las ciudades m\u00e1s bellas de la pen\u00ednsula, con un p\u00fablico muy entendido y sobre todo, que no para de animar, bien sea al primero como al \u00faltimo clasificado; un p\u00fablico que no se cansa de acudir a cuanta cita deportiva atraviesa su ciudad.<\/p>\n<p style=\"text-align: justify;\">Lo que llama la atenci\u00f3n, y mucho, es la capacidad de <strong>Wild Wolf Series by Polar<\/strong> de atraer gente, ya que en los \u00faltimos a\u00f1os pocos son los triatlones que se disfrutan en el mes de septiembre en Euskadi. En cambio, hace 20 a\u00f1os, muchas de las pruebas se disputaban en septiembre se han ido a trasladando a los meses estivales de junio y julio, obviando el mes de agosto para la pr\u00e1ctica del triatl\u00f3n, y la pregunta es: \u00bfpor qu\u00e9 raz\u00f3n est\u00e1 el mes veraniego por excelencia en &#8220;desuso&#8221;? Una pregunta sobre la que seguramente volvamos a lo largo de este invierno.<\/p>\n<p style=\"text-align: justify;\">La temporada va llegando a su fin. Ya habr\u00e1 tiempo de echar la vista atr\u00e1s y comentar los resultados con m\u00e1s calma. Analizar las cosas buenas y las cosas malas de las competiciones, &#8220;pros y contras&#8221; que se dice.<\/p>\n<p style=\"text-align: justify;\">Hasta ese momento, disfrutemos de lo que nos queda de temporada, por lo cual invitamos a todos los amigos del triatl\u00f3n a acudir el 15 de septiembre a Donostia y disfrutar del espect\u00e1culo que ofrecer\u00e1n 1200 triatletas.<\/p>\n<p style=\"text-align: justify;\"><a class=\"vc_btn vc_btn-red vc_btn-sm vc_btn_square \" href=\"https:\/\/twitter.com\/TriathlonSeries\" rel=\"nofollow noopener\" target=\"_blank\">@TriathlonSeries<\/a><\/p>\n<p><a class=\"vc_btn vc_btn-green vc_btn-sm vc_btn_square \" href=\"http:\/\/www.enkarterritriatloi.com\" rel=\"nofollow noopener\" target=\"_blank\">Web Oficial<\/a><br \/>\n<a class=\"vc_btn vc_btn-green vc_btn-sm vc_btn_square \" href=\"https:\/\/twitter.com\/EnkarterriTri\" rel=\"nofollow noopener\" target=\"_blank\">@EnkarterriTri<\/a><br \/>\n<a class=\"vc_btn vc_btn-green vc_btn-sm vc_btn_square \" href=\"http:\/\/www.facebook.com\/pages\/enkarterri-triatloi\/254939834561826\" rel=\"nofollow noopener\" target=\"_blank\">facebook<\/a><\/p>\n","protected":false},"excerpt":{"rendered":"<p>Enkarterritriatloi &#8211;\u00a0Llega a la donostiarra playa de Ondarreta la familia triatl\u00e9tica de Wild Wolf Triathlon Series by Polar 2013 , sede de la 8\u00aa\u00a0 prueba de la franquicia. Con la inscripci\u00f3n cerrada desde hace unas fechas, sin\u00f3nimo de la atracci\u00f3n que ejerce la Bella Easo sobre el mundo triatl\u00e9tico; ya que no es la primera [&hellip;]<\/p>\n","protected":false},"author":6,"featured_media":16630,"comment_status":"open","ping_status":"open","sticky":false,"template":"","format":"standard","meta":{"_acf_changed":false,"rank_math_lock_modified_date":false,"footnotes":""},"categories":[17],"tags":[886,283,275,87,631,1103,461,1000,24,32],"class_list":{"0":"post-16629","1":"post","2":"type-post","3":"status-publish","4":"format-standard","5":"has-post-thumbnail","7":"category-actualidad","8":"tag-correr","9":"tag-enkarterri","10":"tag-enkarterritri","11":"tag-natacion","12":"tag-run","13":"tag-san-sebastian","14":"tag-swim","15":"tag-tri","16":"tag-triatlon","17":"tag-wild-wolf-series"},"acf":[],"_links":{"self":[{"href":"https:\/\/miurltemporal.com/main/triatletasenred.sport.es\/wp-json\/wp\/v2\/posts\/16629"}],"collection":[{"href":"https:\/\/miurltemporal.com/main/triatletasenred.sport.es\/wp-json\/wp\/v2\/posts"}],"about":[{"href":"https:\/\/miurltemporal.com/main/triatletasenred.sport.es\/wp-json\/wp\/v2\/types\/post"}],"author":[{"embeddable":true,"href":"https:\/\/miurltemporal.com/main/triatletasenred.sport.es\/wp-json\/wp\/v2\/users\/6"}],"replies":[{"embeddable":true,"href":"https:\/\/miurltemporal.com/main/triatletasenred.sport.es\/wp-json\/wp\/v2\/comments?post=16629"}],"version-history":[{"count":0,"href":"https:\/\/miurltemporal.com/main/triatletasenred.sport.es\/wp-json\/wp\/v2\/posts\/16629\/revisions"}],"wp:featuredmedia":[{"embeddable":true,"href":"https:\/\/miurltemporal.com/main/triatletasenred.sport.es\/wp-json\/wp\/v2\/media\/16630"}],"wp:attachment":[{"href":"https:\/\/miurltemporal.com/main/triatletasenred.sport.es\/wp-json\/wp\/v2\/media?parent=16629"}],"wp:term":[{"taxonomy":"category","embeddable":true,"href":"https:\/\/miurltemporal.com/main/triatletasenred.sport.es\/wp-json\/wp\/v2\/categories?post=16629"},{"taxonomy":"post_tag","embeddable":true,"href":"https:\/\/miurltemporal.com/main/triatletasenred.sport.es\/wp-json\/wp\/v2\/tags?post=16629"}],"curies":[{"name":"wp","href":"https:\/\/api.w.org\/{rel}","templated":true}]}}