{"id":16522,"date":"2013-09-08T20:44:27","date_gmt":"2013-09-08T20:44:27","guid":{"rendered":"http:\/\/triatletasenred.com\/?p=16522"},"modified":"2016-02-26T16:02:28","modified_gmt":"2016-02-26T14:02:28","slug":"cronica-desde-el-dorsal-isostar-extreme-man-de-narbonne-2013","status":"publish","type":"post","link":"https:\/\/miurltemporal.com/main/triatletasenred.sport.es\/actualidad\/cronica-desde-el-dorsal-isostar-extreme-man-de-narbonne-2013\/","title":{"rendered":"Cr\u00f3nica desde el dorsal : Isostar Extreme Man de Narbonne 2013"},"content":{"rendered":"<h5 style=\"text-align: justify;\">La pen\u00faltima de las pruebas del circuito Isostar Extreme Man llegaba este fin de semana a territorio franc\u00e9s. Narbonne era la anfitriona para recibir a los 300 \u00a0inscritos en una propuesta que poco \u00a0a poco se gana su terreno en los calendarios de \u00a0los \u00a0y las triatletas . Os lo contamos, como nos gusta hacerlo, desde el dorsal!<\/h5>\n<p style=\"text-align: justify;\">No empez\u00f3 bien el fin de semana en Narbonne. Las condiciones meteorol\u00f3gicas chafaron las espectativas de disfrutar de unos preparativos cuidados al detalle por la factor\u00eda Extreme Man y la zona de Expo no tuvo ocasi\u00f3n de mostrar sus ofertas a los all\u00ed presentes. M\u00e1s de 300 triatletas que nos pusimos en modo &#8220;caracol&#8221; ya que sal\u00edamos de los hoteles en cuanto bajaba la insistencia de la lluvia. A\u00fan as\u00ed finalmente un s\u00e1bado pasado por agua que fue motivo de una acertada decisi\u00f3n por parte de la organizaci\u00f3n de posponer el habitual check-in a la ma\u00f1ana del domingo. De este modo nuestras bicis dormir\u00edan bajo techo.<\/p>\n<p style=\"text-align: justify;\">Por suerte la ma\u00f1ana del domingo di\u00f3 un respiro a organizadores, participantes y p\u00fablico para disfrutar de una gran matinal de triatl\u00f3n. Check in r\u00e1pido a pesar de una exigencia &#8220;a la francesa&#8221; de sujetar el dorsal por tres puntos en el portadorsales que qued\u00f3 en la mera an\u00e9cdota.<\/p>\n<p style=\"text-align: justify;\">Amaneci\u00f3 un mar calmado y un cielo tapado pero con claros que hac\u00edan pronosticar unas buenas condiciones para la carrera. A las 7:15, ya en c\u00e1mara de salida se presentaban los y las favoritas al podio. Nuestros ya amigos de triatletasenred.com Albert Moreno, Victor del Corral o Gurutze Frades se llevaban los aplausos de p\u00fablico y populares.<\/p>\n<p style=\"text-align: justify;\">Sin m\u00e1s, al agua en un circuito de dos vueltas, con entrada y salida en el ecuador de las mismas. Poco m\u00e1s de 2100 mts seg\u00fan los pulsometros de los adictos a la estad\u00edstica. \u00a0Aqu\u00ed el primero en salir del agua fue Santi Pellejero, especialista en el sector y que finalmente se llev\u00f3 un meritorio 3r lugar en el podio final.<\/p>\n<p style=\"text-align: justify;\">Detr\u00e1s de Pllejero el resto de participantes daban inicio al circuito ciclista. En este sector el Dios E\u00f3lo quiso compartir protagonismo y se apunto a la fiesta. Especialmente en los primeros dos tercios de cada vuelta el viento incomod\u00f3 a los triatletas m\u00e1s puristas y dej\u00f3 una excusa perfecta para los amigos del drafting. \u00a0Una vez m\u00e1s algunos participantes no acaban de respetar una norma m\u00e1s elegante que vigilada. No nos cansamos de exculpar a arbitros y organizaci\u00f3n. El ser fiel a uno mismo y a su esfuerzo no deber\u00eda estar regido por juez alguno as\u00ed que alguna conciencia estar\u00e1 ahora (espero) repasando su carrera y sus n\u00fameros.<\/p>\n<p style=\"text-align: justify;\">Tras la tercera vuelta, un circuito de carrera a pie dividido en tres vueltas que discurr\u00eda por el paseo mar\u00edtimo de Narbonne . En este sector, \u00a0el sol hizo acto de presencia y con \u00e9l una subida de temperatura que hizo un poco menos llevaderos los 21 km especialmente a los que no somos especialmente r\u00e1pidos en el sector.<\/p>\n<p style=\"text-align: justify;\">Un emotivo momento hoy tambi\u00e9n el vivido en Narbonne cuando Gemma L\u00f3pez, \u00faltima clasificada, era esperada por compa\u00f1eros y miembros de la organizaci\u00f3n para otorgarle un sentido homenaje a su esfuerzo. Un punto que pudimos vivir de cerca y del que os hablaremos en un futuro pr\u00f3ximo.<\/p>\n<p style=\"text-align: justify;\"><img fetchpriority=\"high\" decoding=\"async\" class=\"alignright\" alt=\"\" src=\"https:\/\/dl.dropboxusercontent.com\/u\/3879676\/triATLETAS\/imatges\/varies\/Extreman.jpg\" width=\"346\" height=\"259\" \/>En el cap\u00edtulo de los \u00e9lite, el caj\u00f3n m\u00e1s alto se lo qued\u00f3 \u00a0un recuperado Victor del Corral que impuso su ley en el circuito de bici con 4 min. de diferencia sobre Albert Moreno que no pudo recuperarlos en el resto de carrera.<\/p>\n<ul style=\"text-align: justify;\">\n<li>Victor del Corral con 3:48:19<\/li>\n<li>Albert Moreno con 3:52:35<\/li>\n<li>Santi Pellejero con 4:07:28<\/li>\n<\/ul>\n<p style=\"text-align: justify;\">En f\u00e9minas, Gurutze Frades, a la que entrevistamos recientemente nos confesaba su satisfacci\u00f3n por un nuevo triunfo en un circuito que le va como anillo al dedo.<\/p>\n<ul style=\"text-align: justify;\">\n<li>Gurutze Frades con 04:39:37<\/li>\n<li>Annette Werle con 05:14:13<\/li>\n<li>Valentine Filleul con 05:16:30<\/li>\n<\/ul>\n<h3 style=\"text-align: justify;\">\u00bfQuieres dejar tu opini\u00f3n y puntuar Extreme Man Narbonne 2013? \u00a0Te invitamos a visitar BEST TRIATHLON, nueva e interesante iniciativa colaborativa<\/h3>\n<p style=\"text-align: justify;\"><a class=\"vc_btn vc_btn-red vc_btn-sm vc_btn_square \" href=\"http:\/\/www.best-triathlon.com\/triathlon\/extreme-man-narbonne\" rel=\"nofollow noopener\" target=\"_blank\">VALORA EXTREME MAN NARBONE<\/a><\/p>\n","protected":false},"excerpt":{"rendered":"<p>La pen\u00faltima de las pruebas del circuito Isostar Extreme Man llegaba este fin de semana a territorio franc\u00e9s. Narbonne era la anfitriona para recibir a los 300 \u00a0inscritos en una propuesta que poco \u00a0a poco se gana su terreno en los calendarios de \u00a0los \u00a0y las triatletas . Os lo contamos, como nos gusta hacerlo, [&hellip;]<\/p>\n","protected":false},"author":6,"featured_media":11632,"comment_status":"open","ping_status":"open","sticky":false,"template":"","format":"standard","meta":{"_acf_changed":false,"rank_math_lock_modified_date":false,"footnotes":""},"categories":[17],"tags":[535,111,886,107,1046,87,631,461,1000,24,525,279],"class_list":{"0":"post-16522","1":"post","2":"type-post","3":"status-publish","4":"format-standard","5":"has-post-thumbnail","7":"category-actualidad","8":"tag-albert-moreno","9":"tag-ciclismo","10":"tag-correr","11":"tag-extrem-man-narbone","12":"tag-extrememan","13":"tag-natacion","14":"tag-run","15":"tag-swim","16":"tag-tri","17":"tag-triatlon","18":"tag-triatlon-media-distancia","19":"tag-victor-del-corral"},"acf":[],"_links":{"self":[{"href":"https:\/\/miurltemporal.com/main/triatletasenred.sport.es\/wp-json\/wp\/v2\/posts\/16522"}],"collection":[{"href":"https:\/\/miurltemporal.com/main/triatletasenred.sport.es\/wp-json\/wp\/v2\/posts"}],"about":[{"href":"https:\/\/miurltemporal.com/main/triatletasenred.sport.es\/wp-json\/wp\/v2\/types\/post"}],"author":[{"embeddable":true,"href":"https:\/\/miurltemporal.com/main/triatletasenred.sport.es\/wp-json\/wp\/v2\/users\/6"}],"replies":[{"embeddable":true,"href":"https:\/\/miurltemporal.com/main/triatletasenred.sport.es\/wp-json\/wp\/v2\/comments?post=16522"}],"version-history":[{"count":0,"href":"https:\/\/miurltemporal.com/main/triatletasenred.sport.es\/wp-json\/wp\/v2\/posts\/16522\/revisions"}],"wp:featuredmedia":[{"embeddable":true,"href":"https:\/\/miurltemporal.com/main/triatletasenred.sport.es\/wp-json\/wp\/v2\/media\/11632"}],"wp:attachment":[{"href":"https:\/\/miurltemporal.com/main/triatletasenred.sport.es\/wp-json\/wp\/v2\/media?parent=16522"}],"wp:term":[{"taxonomy":"category","embeddable":true,"href":"https:\/\/miurltemporal.com/main/triatletasenred.sport.es\/wp-json\/wp\/v2\/categories?post=16522"},{"taxonomy":"post_tag","embeddable":true,"href":"https:\/\/miurltemporal.com/main/triatletasenred.sport.es\/wp-json\/wp\/v2\/tags?post=16522"}],"curies":[{"name":"wp","href":"https:\/\/api.w.org\/{rel}","templated":true}]}}