{"id":16113,"date":"2013-08-20T05:33:08","date_gmt":"2013-08-20T05:33:08","guid":{"rendered":"http:\/\/triatletasenred.com\/?p=16113"},"modified":"2013-08-27T05:53:27","modified_gmt":"2013-08-27T05:53:27","slug":"travessia-sant-feliu-2013-cronica","status":"publish","type":"post","link":"https:\/\/miurltemporal.com/main/triatletasenred.sport.es\/actualidad\/travessia-sant-feliu-2013-cronica\/","title":{"rendered":"Traves\u00eda Sant Feliu 2013. Cr\u00f3nica"},"content":{"rendered":"<h5 style=\"text-align: justify;\"><span style=\"font-size: 13px; line-height: 19px;\">El d\u00eda de pleno verano, mar encaramado y con el agua a m\u00e1s de 22 grados, dejaron a todos disfrutar de la 40 edici\u00f3n de la traves\u00eda de Sant Feliu de Gu\u00edxols.<\/span><\/h5>\n<p style=\"text-align: justify;\">Debido al cambio de recorrido, en relaci\u00f3n con otros a\u00f1os, permiti\u00f3 que algunos nadadores fueran a la salida por el mar, nadando.<\/p>\n<p style=\"text-align: justify;\">La traves\u00eda larga, tiene una espectacular salida, desde el mar, se efect\u00faa con 300 nadadores en el agua, en la Punta de Garb\u00ed, dejando siempre la costa a la izquierda, pasaron por fuera del paso entre rocas, llamado El Freu, pues se encontraba muy cerca de la salida y hubiera sido hecho de embudo para tantos participantes, para luego encaminar la larga recta hasta la l\u00ednea de meta.<\/p>\n<p style=\"text-align: justify;\"><img fetchpriority=\"high\" decoding=\"async\" class=\"alignright\" alt=\"\" src=\"https:\/\/dl.dropboxusercontent.com\/u\/3879676\/triATLETAS\/imatges\/ultraquim\/varies\/Travessia%20de%20Sant%20Feliu%20de%20Gu%C3%ADxols%20%20cr%C3%B2nica%202013.jpg\" width=\"343\" height=\"195\" \/>Desde pr\u00e1cticamente el principio de la competici\u00f3n, tanto el primer como el segundo puesto, se mantuvieron a cierta distancia de sus inmediatos perseguidores, dando lugar a una interesante disputa por el tercer lugar. El primero alcanzo la meta en 12&#8217;54&#8221;, mientras que el \u00faltimo nadador tardo 44&#8217;09&#8221;.<\/p>\n<p style=\"text-align: justify;\">Un poco antes de las 12, tuvo lugar la salida de la traves\u00eda m\u00e1s popular de 400 metros, en la que pod\u00edan competir los m\u00e1s peque\u00f1os y todo el mundo que quisiera, participaron 61 personas, el primero en llegar, lo hizo en 3&#8217;49&#8221; y el que cerr\u00f3 la traves\u00eda en 15&#8217;50&#8221;.<\/p>\n<p style=\"text-align: justify;\">Despu\u00e9s del cierre de la segunda traves\u00eda, se procedi\u00f3 a la entrega de premios por categor\u00edas.<\/p>\n<p style=\"text-align: justify;\">Fotograf\u00edas realizadas y cedidas por Maria Jose S\u00e1nchez Chillon.<\/p>\n<p style=\"text-align: justify;\">Clasificaciones:<\/p>\n<p style=\"text-align: justify;\"><a href=\"http:\/\/www.eossud.com\/?do=resultats&amp;id=85&amp;lang=es\" rel=\"nofollow noopener\" target=\"_blank\">Traves\u00eda larga (1.100 metros<\/a>)<\/p>\n<p style=\"text-align: justify;\"><a href=\"http:\/\/www.eossud.com\/?do=resultats&amp;id=88&amp;lang=es\" rel=\"nofollow noopener\" target=\"_blank\">Traves\u00eda popular (400 metros)<\/a><\/p>\n<p><a class=\"vc_btn vc_btn-pink vc_btn-sm vc_btn_square \" href=\"http:\/\/www.ultraquim.net\/\" rel=\"nofollow noopener\" target=\"_blank\">ESPACIO DE ULTRAQUIM<\/a><br \/>\n<a class=\"vc_btn vc_btn-pink vc_btn-sm vc_btn_square \" href=\"https:\/\/twitter.com\/ultraquim\" rel=\"nofollow noopener\" target=\"_blank\">@ultraquim<\/a><\/p>\n","protected":false},"excerpt":{"rendered":"<p>El d\u00eda de pleno verano, mar encaramado y con el agua a m\u00e1s de 22 grados, dejaron a todos disfrutar de la 40 edici\u00f3n de la traves\u00eda de Sant Feliu de Gu\u00edxols. Debido al cambio de recorrido, en relaci\u00f3n con otros a\u00f1os, permiti\u00f3 que algunos nadadores fueran a la salida por el mar, nadando. La [&hellip;]<\/p>\n","protected":false},"author":6,"featured_media":16114,"comment_status":"open","ping_status":"open","sticky":false,"template":"","format":"standard","meta":{"_acf_changed":false,"rank_math_lock_modified_date":false,"footnotes":""},"categories":[17,517],"tags":[87,520,989,461,990,41],"class_list":{"0":"post-16113","1":"post","2":"type-post","3":"status-publish","4":"format-standard","5":"has-post-thumbnail","7":"category-actualidad","8":"category-travesias","9":"tag-natacion","10":"tag-natacion-aguas-abiertes","11":"tag-sant-feliu","12":"tag-swim","13":"tag-swim-open-sea","14":"tag-ultraquim"},"acf":[],"_links":{"self":[{"href":"https:\/\/miurltemporal.com/main/triatletasenred.sport.es\/wp-json\/wp\/v2\/posts\/16113"}],"collection":[{"href":"https:\/\/miurltemporal.com/main/triatletasenred.sport.es\/wp-json\/wp\/v2\/posts"}],"about":[{"href":"https:\/\/miurltemporal.com/main/triatletasenred.sport.es\/wp-json\/wp\/v2\/types\/post"}],"author":[{"embeddable":true,"href":"https:\/\/miurltemporal.com/main/triatletasenred.sport.es\/wp-json\/wp\/v2\/users\/6"}],"replies":[{"embeddable":true,"href":"https:\/\/miurltemporal.com/main/triatletasenred.sport.es\/wp-json\/wp\/v2\/comments?post=16113"}],"version-history":[{"count":0,"href":"https:\/\/miurltemporal.com/main/triatletasenred.sport.es\/wp-json\/wp\/v2\/posts\/16113\/revisions"}],"wp:featuredmedia":[{"embeddable":true,"href":"https:\/\/miurltemporal.com/main/triatletasenred.sport.es\/wp-json\/wp\/v2\/media\/16114"}],"wp:attachment":[{"href":"https:\/\/miurltemporal.com/main/triatletasenred.sport.es\/wp-json\/wp\/v2\/media?parent=16113"}],"wp:term":[{"taxonomy":"category","embeddable":true,"href":"https:\/\/miurltemporal.com/main/triatletasenred.sport.es\/wp-json\/wp\/v2\/categories?post=16113"},{"taxonomy":"post_tag","embeddable":true,"href":"https:\/\/miurltemporal.com/main/triatletasenred.sport.es\/wp-json\/wp\/v2\/tags?post=16113"}],"curies":[{"name":"wp","href":"https:\/\/api.w.org\/{rel}","templated":true}]}}