{"id":15959,"date":"2013-08-12T20:05:27","date_gmt":"2013-08-12T20:05:27","guid":{"rendered":"http:\/\/triatletasenred.com\/?p=15959"},"modified":"2013-08-13T04:13:44","modified_gmt":"2013-08-13T04:13:44","slug":"nedant-de-sol-a-sol","status":"publish","type":"post","link":"https:\/\/miurltemporal.com/main/triatletasenred.sport.es\/actualidad\/nedant-de-sol-a-sol\/","title":{"rendered":"Nedant de Sol a Sol"},"content":{"rendered":"<h4 style=\"text-align: justify;\"><span style=\"font-size: 13px; line-height: 19px;\">Nadar de sol a sol. Nuevo reto de larga distancia, en aguas abiertas, de nuestro colaborador Ultraquim<\/span><\/h4>\n<p style=\"text-align: justify;\">El d\u00eda 15 de agosto, nadar\u00e1 de sol a sol, en el canal de nataci\u00f3n de Sant Feliu de Gu\u00edxols.<\/p>\n<p style=\"text-align: justify;\">Seg\u00fan los datos del ministerio de fomento, ese d\u00eda el sol saldr\u00e1 en Girona a las 06:57 y se esconder\u00e1 en las 20:49, lo que da unas 14 horas de luz, en funci\u00f3n de la nubosidad, ser\u00e1 un poco m\u00e1s o un poco menos.<\/p>\n<p style=\"text-align: justify;\">El punto de salida y llegada es en la playa de Can Rius, en el extremo sur de la playa grande, junto a la antigua discoteca de Palm Beach, en Sant Feliu de Gu\u00edxols.<\/p>\n<p style=\"text-align: justify;\">El desarrollo del reto es simple, nadar tanto como pueda durante estas horas, s\u00f3lo parando para hacer avituallamiento l\u00edquido y s\u00f3lido, desde el agua y dos salidas my cortas a tierra, por temas log\u00edsticos.<\/p>\n<p style=\"text-align: justify;\">Todos los metros se efectuaran dentro del canal de nataci\u00f3n de Sant Feliu de Gu\u00edxols<\/p>\n<p style=\"text-align: justify;\">El recorrido, al empezar, si el mar lo permite, ser\u00e1 la totalidad del canal de nataci\u00f3n, conforme avance el reto, se ir\u00e1 recortando el recorrido, siempre dentro del canal. Para el relevo de los voluntarios que le acompa\u00f1an, se har\u00e1 alguna vuelta m\u00e1s corta. Cuando el cansancio sea m\u00e1s pronunciado o el mar as\u00ed lo indique, el recorrido ser\u00e1 hasta El Freu,\u00a0 aunque no se descarta la posibilidad de acortarlo m\u00e1s si es necesario.<\/p>\n<p style=\"text-align: justify;\">Por motivos de seguridad, el reto lo realizar\u00e1 con neopreno. Como testimonio del reto, grabar\u00e1 el trayecto con el gps.<\/p>\n<p style=\"text-align: justify;\">En el reto de nadar de sol a sol, puede acompa\u00f1ar a Ultraquim todo el que quiera, el canal est\u00e1 para quien quiera disfrutar de nadar con seguridad en aguas abiertas. Quien lo acompa\u00f1e, debe tener en cuenta, que no es ninguna prueba organizada, s\u00f3lo un reto personal. No habr\u00e1 medios de seguridad en el agua, hay que hacer caso a las recomendaciones propias del canal de nataci\u00f3n y nadar cada uno bajo su responsabilidad. Al ser un reto personal, no habr\u00e1 ningun servicio, ni avituallamiento. \u00c9l nadar\u00e1 a su ritmo y no quiere ir a pies en ning\u00fan momento.<\/p>\n<p style=\"text-align: justify;\">El reto tiene como objetivo \u00a0superar la distancia m\u00e1s larga que ha nadado en una jornada, teniendo dos marcar a batir, la primera los 22.390 nadados en mar y la segunda los 27.000 nadados en rio.<\/p>\n<p style=\"text-align: justify;\">Desde Triatletas en Red, le transmitimos nuestros \u00e1nimos y le deseamos mucha suerte en su desaf\u00edo.<\/p>\n<p style=\"text-align: center;\"><img fetchpriority=\"high\" decoding=\"async\" class=\"aligncenter\" alt=\"\" src=\"https:\/\/dl.dropboxusercontent.com\/u\/3879676\/triATLETAS\/imatges\/ultraquim\/varies\/Nedant%20de%20sol%20a%20sol.jpg\" width=\"524\" height=\"549\" \/><\/p>\n<p><a class=\"vc_btn vc_btn-pink vc_btn-sm vc_btn_square \" href=\"http:\/\/www.ultraquim.net\/\" rel=\"nofollow noopener\" target=\"_blank\">ESPACIO DE ULTRAQUIM<\/a><br \/>\n<a class=\"vc_btn vc_btn-pink vc_btn-sm vc_btn_square \" href=\"https:\/\/twitter.com\/ultraquim\" rel=\"nofollow noopener\" target=\"_blank\">@ultraquim<\/a><\/p>\n","protected":false},"excerpt":{"rendered":"<p>Nadar de sol a sol. Nuevo reto de larga distancia, en aguas abiertas, de nuestro colaborador Ultraquim El d\u00eda 15 de agosto, nadar\u00e1 de sol a sol, en el canal de nataci\u00f3n de Sant Feliu de Gu\u00edxols. Seg\u00fan los datos del ministerio de fomento, ese d\u00eda el sol saldr\u00e1 en Girona a las 06:57 y [&hellip;]<\/p>\n","protected":false},"author":6,"featured_media":15965,"comment_status":"open","ping_status":"open","sticky":false,"template":"","format":"standard","meta":{"_acf_changed":false,"rank_math_lock_modified_date":false,"footnotes":""},"categories":[17,517],"tags":[87,318,461,559,961,41],"class_list":{"0":"post-15959","1":"post","2":"type-post","3":"status-publish","4":"format-standard","5":"has-post-thumbnail","7":"category-actualidad","8":"category-travesias","9":"tag-natacion","10":"tag-natacion-aguas-abiertas","11":"tag-swim","12":"tag-ultra","13":"tag-ultra-natacion","14":"tag-ultraquim"},"acf":[],"_links":{"self":[{"href":"https:\/\/miurltemporal.com/main/triatletasenred.sport.es\/wp-json\/wp\/v2\/posts\/15959"}],"collection":[{"href":"https:\/\/miurltemporal.com/main/triatletasenred.sport.es\/wp-json\/wp\/v2\/posts"}],"about":[{"href":"https:\/\/miurltemporal.com/main/triatletasenred.sport.es\/wp-json\/wp\/v2\/types\/post"}],"author":[{"embeddable":true,"href":"https:\/\/miurltemporal.com/main/triatletasenred.sport.es\/wp-json\/wp\/v2\/users\/6"}],"replies":[{"embeddable":true,"href":"https:\/\/miurltemporal.com/main/triatletasenred.sport.es\/wp-json\/wp\/v2\/comments?post=15959"}],"version-history":[{"count":0,"href":"https:\/\/miurltemporal.com/main/triatletasenred.sport.es\/wp-json\/wp\/v2\/posts\/15959\/revisions"}],"wp:featuredmedia":[{"embeddable":true,"href":"https:\/\/miurltemporal.com/main/triatletasenred.sport.es\/wp-json\/wp\/v2\/media\/15965"}],"wp:attachment":[{"href":"https:\/\/miurltemporal.com/main/triatletasenred.sport.es\/wp-json\/wp\/v2\/media?parent=15959"}],"wp:term":[{"taxonomy":"category","embeddable":true,"href":"https:\/\/miurltemporal.com/main/triatletasenred.sport.es\/wp-json\/wp\/v2\/categories?post=15959"},{"taxonomy":"post_tag","embeddable":true,"href":"https:\/\/miurltemporal.com/main/triatletasenred.sport.es\/wp-json\/wp\/v2\/tags?post=15959"}],"curies":[{"name":"wp","href":"https:\/\/api.w.org\/{rel}","templated":true}]}}