{"id":15845,"date":"2013-08-08T04:00:49","date_gmt":"2013-08-08T04:00:49","guid":{"rendered":"http:\/\/triatletasenred.com\/?p=15845"},"modified":"2013-08-07T20:54:15","modified_gmt":"2013-08-07T20:54:15","slug":"training-camp-utsm-en-cornudella-de-montsant-los-dias-12-13-y-14-de-agosto","status":"publish","type":"post","link":"https:\/\/miurltemporal.com/main/triatletasenred.sport.es\/competiciones\/training-camp-utsm-en-cornudella-de-montsant-los-dias-12-13-y-14-de-agosto\/","title":{"rendered":"Training Camp UTSM en Cornudella de Montsant los dias 12, 13 y 14 de agosto"},"content":{"rendered":"<h5 style=\"text-align: justify;\">Los d\u00edas 12, 13 y 14 de Agosto alrededor del Parc Natural de la Serra de Montsant se llevar\u00e9 a cabo un \u201ctraining camp\u201d para poder desubrir el recorrido de la Ultra Trail Serra de Montsant.<\/h5>\n<p style=\"text-align: justify;\">Una carrera de ultra resist\u00e9ncia resist\u00e8ncia de 100Kms que los dias 19 y 20 de Octubre celebrar\u00e1 la quinta edici\u00f3n y donde se preve m\u00e1s de 500 atletas de todo el territorio nacional.<\/p>\n<p style=\"text-align: justify;\">Es por esto que la tienda de deportes Evasion Running de Reus, el alojamiento Lo Refugi de Cornudella de Montsant y Naturetime events, empresa que produce la carrera, quieren llevar a cabo una experiencia para todos aquellos interesados que quieran disfrutar de la Serra de Montsant durante 1, 2 o 3 d\u00edas, en un formato diferente a trav\u00e9s de un &#8220;Training Camp&#8221;: conocer el recorrido por tramos, entrenamientos t\u00e9cnicos, charlas t\u00e9cnicas, pruebas de material y talleres: se ha creado un programa con diferentes actividades donde se mezclan los entrenamientos de la ruta con talleres de nutrici\u00f3n donde se podr\u00e1 aprender a hacer barritas energ\u00e9ticas caseras de la mano de Astrid Barqu\u00e9 de la Fundaci\u00f3 Ametller y charlas donde corredores como Toni Calder\u00f3n del equipo de trail sural &#8211; Evasion running Reus (4 \u00ba clasificado en la \u00faltima edici\u00f3n de la Vuelta del Aneto con 68km &#8211; 3765m +) en ayudar con t\u00e9cnica de carrera, mejorar los entrenamientos y c\u00f3mo elegir el material en carrera.<\/p>\n<p style=\"text-align: justify;\">El evento es abierto y gratuito a todo el que lo desee.<\/p>\n<p style=\"text-align: justify;\">Para facilitar los desplazamientos, alojamiento, dietas, se facilitan unos packs para uno, dos o tres d\u00edas. Para hacer las inscripciones y para encontrar m\u00e1s informaci\u00f3n se puede visitar la web <a href=\"http:\/\/www.naturetime.es\" rel=\"nofollow noopener\" target=\"_blank\">www.naturetime.es<\/a><\/p>\n<p style=\"text-align: justify;\"><a class=\"vc_btn vc_btn-red vc_btn-sm vc_btn_square \" href=\"https:\/\/twitter.com\/Naturetime_evnt\" rel=\"nofollow noopener\" target=\"_blank\">@Naturetime_evnt<\/a><\/p>\n","protected":false},"excerpt":{"rendered":"<p>Los d\u00edas 12, 13 y 14 de Agosto alrededor del Parc Natural de la Serra de Montsant se llevar\u00e9 a cabo un \u201ctraining camp\u201d para poder desubrir el recorrido de la Ultra Trail Serra de Montsant. Una carrera de ultra resist\u00e9ncia resist\u00e8ncia de 100Kms que los dias 19 y 20 de Octubre celebrar\u00e1 la quinta [&hellip;]<\/p>\n","protected":false},"author":6,"featured_media":15846,"comment_status":"open","ping_status":"open","sticky":false,"template":"","format":"standard","meta":{"_acf_changed":false,"rank_math_lock_modified_date":false,"footnotes":""},"categories":[19],"tags":[943,631,138,102,96,63,828],"class_list":{"0":"post-15845","1":"post","2":"type-post","3":"status-publish","4":"format-standard","5":"has-post-thumbnail","7":"category-competiciones","8":"tag-cornudella-de-montsant","9":"tag-run","10":"tag-running","11":"tag-trail","12":"tag-trail-running","13":"tag-ultratrail","14":"tag-utsm"},"acf":[],"_links":{"self":[{"href":"https:\/\/miurltemporal.com/main/triatletasenred.sport.es\/wp-json\/wp\/v2\/posts\/15845"}],"collection":[{"href":"https:\/\/miurltemporal.com/main/triatletasenred.sport.es\/wp-json\/wp\/v2\/posts"}],"about":[{"href":"https:\/\/miurltemporal.com/main/triatletasenred.sport.es\/wp-json\/wp\/v2\/types\/post"}],"author":[{"embeddable":true,"href":"https:\/\/miurltemporal.com/main/triatletasenred.sport.es\/wp-json\/wp\/v2\/users\/6"}],"replies":[{"embeddable":true,"href":"https:\/\/miurltemporal.com/main/triatletasenred.sport.es\/wp-json\/wp\/v2\/comments?post=15845"}],"version-history":[{"count":0,"href":"https:\/\/miurltemporal.com/main/triatletasenred.sport.es\/wp-json\/wp\/v2\/posts\/15845\/revisions"}],"wp:featuredmedia":[{"embeddable":true,"href":"https:\/\/miurltemporal.com/main/triatletasenred.sport.es\/wp-json\/wp\/v2\/media\/15846"}],"wp:attachment":[{"href":"https:\/\/miurltemporal.com/main/triatletasenred.sport.es\/wp-json\/wp\/v2\/media?parent=15845"}],"wp:term":[{"taxonomy":"category","embeddable":true,"href":"https:\/\/miurltemporal.com/main/triatletasenred.sport.es\/wp-json\/wp\/v2\/categories?post=15845"},{"taxonomy":"post_tag","embeddable":true,"href":"https:\/\/miurltemporal.com/main/triatletasenred.sport.es\/wp-json\/wp\/v2\/tags?post=15845"}],"curies":[{"name":"wp","href":"https:\/\/api.w.org\/{rel}","templated":true}]}}