{"id":15840,"date":"2013-08-07T20:22:55","date_gmt":"2013-08-07T20:22:55","guid":{"rendered":"http:\/\/triatletasenred.com\/?p=15840"},"modified":"2013-08-07T20:22:55","modified_gmt":"2013-08-07T20:22:55","slug":"impresionante-cartel-para-la-edicion-de-la-triathlon-series-en-tarragona","status":"publish","type":"post","link":"https:\/\/miurltemporal.com/main/triatletasenred.sport.es\/en-red\/impresionante-cartel-para-la-edicion-de-la-triathlon-series-en-tarragona\/","title":{"rendered":"Impresionante cartel para la edici\u00f3n de la Triathlon Series en tarragona"},"content":{"rendered":"<p style=\"text-align: justify;\"><strong>S\u00f3lo los organizadores saben de la dificultad de reunir en este momento de la temporada un cartel con deportistas de tant\u00edsimo nivel : Fernando Alarza, Nan Oliveras, Albert Moreno, Albert Parre\u00f1o, RodrigoTorres, Lucas Chirico, Luciano Farias, Jaume Leiva, Sara Loher y Eva Ledesma competir\u00e1n por un podio especialmente caro en la imperial Tarraco.\u00a0<\/strong><\/p>\n<p style=\"text-align: justify;\">Al margen de este interesante dato, hasta 1500 deportistas se lanzan este domingo a las aguas del puerto de Tarragona para disputar una nueva prueba del circuito Wild Wolf Series by Polar que ha aumentado el n\u00famero de inscripciones respecto a la edici\u00f3n 2012 cuando no formaba parte del calendario de las Triathlon Series.<\/p>\n<p style=\"text-align: justify;\">El trabajo de la organizaci\u00f3n por potenciar la prueba y de manera expl\u00edcita la imagen tur\u00edstica y comercial \u00a0la capital del Tarragon\u00e9s, es de notable. El excelente deber\u00e1n ganarlo a pulso este domingo en la cita que la familia triatl\u00e9tica tenemos con el deporte de las transiciones.<\/p>\n<p style=\"text-align: justify;\">Las acciones empezar\u00e1n el s\u00e1bado en una expo en la que las marcas que dan apoyo a la prueba presentar\u00e1n sus art\u00edculos y servicios. Destacamos la posibilidad de realizar un diagn\u00f3stico biomec\u00e1nico totalmente gratuito en el stand de Cyclistlab solo con acercarte con tus zapas y la bici y ganas de pedalear.<\/p>\n<p style=\"text-align: justify;\">Otro m\u00e9rito de Running Solutions y la organizaci\u00f3n es acaparar la atenci\u00f3n medi\u00e1tica. Est\u00e1 previsto que a parte de la prensa especializada que sigue el circuito asistan \u00a0medios televisivos que dar\u00e1n mayor cobertura a un deporte tan necesitado de<\/p>\n<p style=\"text-align: justify;\">parrilla como el nuestro.<\/p>\n<p style=\"text-align: justify;\">Tambi\u00e9n estaremos desde triatletasenred.com cubriendo la prueba con el dorsal en el pecho que es desde donde nos gusta compartir la informaci\u00f3n.<\/p>\n<p style=\"text-align: justify;\">Suerte a la organizaci\u00f3n y a esos 1500 deportistas que van a disfrutar sin duda de una matinal de lujo!<\/p>\n","protected":false},"excerpt":{"rendered":"<p>S\u00f3lo los organizadores saben de la dificultad de reunir en este momento de la temporada un cartel con deportistas de tant\u00edsimo nivel : Fernando Alarza, Nan Oliveras, Albert Moreno, Albert Parre\u00f1o, RodrigoTorres, Lucas Chirico, Luciano Farias, Jaume Leiva, Sara Loher y Eva Ledesma competir\u00e1n por un podio especialmente caro en la imperial Tarraco.\u00a0 Al margen [&hellip;]<\/p>\n","protected":false},"author":2,"featured_media":15849,"comment_status":"open","ping_status":"open","sticky":false,"template":"","format":"standard","meta":{"_acf_changed":false,"rank_math_lock_modified_date":false,"footnotes":""},"categories":[16],"tags":[421,944,24,32],"class_list":{"0":"post-15840","1":"post","2":"type-post","3":"status-publish","4":"format-standard","5":"has-post-thumbnail","7":"category-en-red","8":"tag-running-solutions","9":"tag-tarragona","10":"tag-triatlon","11":"tag-wild-wolf-series"},"acf":[],"_links":{"self":[{"href":"https:\/\/miurltemporal.com/main/triatletasenred.sport.es\/wp-json\/wp\/v2\/posts\/15840"}],"collection":[{"href":"https:\/\/miurltemporal.com/main/triatletasenred.sport.es\/wp-json\/wp\/v2\/posts"}],"about":[{"href":"https:\/\/miurltemporal.com/main/triatletasenred.sport.es\/wp-json\/wp\/v2\/types\/post"}],"author":[{"embeddable":true,"href":"https:\/\/miurltemporal.com/main/triatletasenred.sport.es\/wp-json\/wp\/v2\/users\/2"}],"replies":[{"embeddable":true,"href":"https:\/\/miurltemporal.com/main/triatletasenred.sport.es\/wp-json\/wp\/v2\/comments?post=15840"}],"version-history":[{"count":0,"href":"https:\/\/miurltemporal.com/main/triatletasenred.sport.es\/wp-json\/wp\/v2\/posts\/15840\/revisions"}],"wp:featuredmedia":[{"embeddable":true,"href":"https:\/\/miurltemporal.com/main/triatletasenred.sport.es\/wp-json\/wp\/v2\/media\/15849"}],"wp:attachment":[{"href":"https:\/\/miurltemporal.com/main/triatletasenred.sport.es\/wp-json\/wp\/v2\/media?parent=15840"}],"wp:term":[{"taxonomy":"category","embeddable":true,"href":"https:\/\/miurltemporal.com/main/triatletasenred.sport.es\/wp-json\/wp\/v2\/categories?post=15840"},{"taxonomy":"post_tag","embeddable":true,"href":"https:\/\/miurltemporal.com/main/triatletasenred.sport.es\/wp-json\/wp\/v2\/tags?post=15840"}],"curies":[{"name":"wp","href":"https:\/\/api.w.org\/{rel}","templated":true}]}}