{"id":15613,"date":"2013-08-01T04:26:32","date_gmt":"2013-08-01T04:26:32","guid":{"rendered":"http:\/\/triatletasenred.com\/?p=15613"},"modified":"2016-02-26T18:18:41","modified_gmt":"2016-02-26T16:18:41","slug":"presentacion-de-la-wild-wolf-triathlon-series-by-polar-de-tarragona","status":"publish","type":"post","link":"https:\/\/miurltemporal.com/main/triatletasenred.sport.es\/actualidad\/presentacion-de-la-wild-wolf-triathlon-series-by-polar-de-tarragona\/","title":{"rendered":"Presentaci\u00f3n de la Wild Wolf Triathlon Series by POLAR de Tarragona"},"content":{"rendered":"<h5 style=\"text-align: justify;\">Judith P\u00e9rez &#8211;\u00a0Esta ma\u00f1ana hemos asistido a la rueda de prensa organizada por Running Solutions, para presentar de forma oficial el Wild Wolf Triathlon Series by POLAR, que se realizar\u00e1 los d\u00edas 10 y 11 de agosto en Tarragona.<\/h5>\n<p style=\"text-align: justify;\">En el acto, presidido por Joan Basora, Director de desarrollo corporativo del Port de Tarragona, y Juanan Fern\u00e1ndez, Director de Running Solutions y organizador de la prueba, ha contado tambi\u00e9n con la presencia del Campe\u00f3n de Espa\u00f1a de media marat\u00f3n, Jaume Leiva. El atleta, despu\u00e9s de su sorprendente victoria en la Wild Wolf Series by Polar realizada el 21 de julio en Andorra, participar\u00e1 tambi\u00e9n en esta nueva edici\u00f3n que se celebrar\u00e1 en Tarragona, en la modalidad de triatl\u00f3n ol\u00edmpico. Junto a \u00e9l, tambi\u00e9n contaremos con la presencia de Albert Parre\u00f1o, Roger Serrano, Rodrigo Torres, Sara Loehr, Ivet Farriols y la joven promesa del triatl\u00f3n nacional de LD, Albert Moreno. As\u00ed pues, el espect\u00e1culo est\u00e1 servido!<\/p>\n<p style=\"text-align: justify;\">La prueba reunir\u00e1 a 1300 triatletas, que participar\u00e1n en las distancias sprint, que se realizar\u00e1 el s\u00e1bado 10 a las 18:45h, \u00a0ol\u00edmpica y acuatl\u00f3n, que se realizar\u00e1n el domingo a partir de las 8:30h. Adem\u00e1s, la disciplina ol\u00edmpica, contar\u00e1 tambi\u00e9n con su modalidad por relevos.<\/p>\n<p style=\"text-align: justify;\">La competici\u00f3n se llevar\u00e1 a cabo por la zona del puerto de Tarragona, y a diferencia de la edici\u00f3n anterior, los triatletas realizar\u00e1n una salida \u201ctipo Kona\u201d, es decir, desde dentro del agua; posteriormente, un circuito ciclista cerrado al tr\u00e1fico, pasando por la Platja del Miracle y llegando hasta el faro; finalmente, el sector de carrera a pie, ser\u00e1 por el barri del Serrallo, bordeando el mar. Los recorridos son llanos y totalmente accesibles al p\u00fablico, por lo tanto, el ambiente ser\u00e1 espectacular. A ello, se le unen una serie de actividades anexas a la competici\u00f3n para todos los acompa\u00f1antes y visitantes que quieran disfrutar de todo lo que rodea a esta gran prueba.<\/p>\n<p style=\"text-align: justify;\">No nos queda la menor duda de que esta tercera edici\u00f3n de la Triatl\u00f3n de Tarragona, no nos dejar\u00e1 indiferentes, y se consolidar\u00e1 como otra prueba de referencia dentro del circuito de las Wild Wolf Triathlon Series by Polar.<\/p>\n<p style=\"text-align: justify;\"><a class=\"vc_btn vc_btn-red vc_btn-sm vc_btn_square \" href=\"https:\/\/twitter.com\/TriathlonSeries\" rel=\"nofollow noopener\" target=\"_blank\">@TriathlonSeries<\/a><\/p>\n<p style=\"text-align: justify;\"><a class=\"vc_btn vc_btn-orange vc_btn-sm vc_btn_square \" href=\"https:\/\/twitter.com\/_Icewoman_\" rel=\"nofollow noopener\" target=\"_blank\">@_Icewoman_<\/a><\/p>\n","protected":false},"excerpt":{"rendered":"<p>Judith P\u00e9rez &#8211;\u00a0Esta ma\u00f1ana hemos asistido a la rueda de prensa organizada por Running Solutions, para presentar de forma oficial el Wild Wolf Triathlon Series by POLAR, que se realizar\u00e1 los d\u00edas 10 y 11 de agosto en Tarragona. En el acto, presidido por Joan Basora, Director de desarrollo corporativo del Port de Tarragona, y [&hellip;]<\/p>\n","protected":false},"author":6,"featured_media":15616,"comment_status":"open","ping_status":"open","sticky":false,"template":"","format":"standard","meta":{"_acf_changed":false,"rank_math_lock_modified_date":false,"footnotes":""},"categories":[17],"tags":[535,924,331,594,138,421,923,24,823,32],"class_list":{"0":"post-15613","1":"post","2":"type-post","3":"status-publish","4":"format-standard","5":"has-post-thumbnail","7":"category-actualidad","8":"tag-albert-moreno","9":"tag-ivet-farriols","10":"tag-jaume-leiva","11":"tag-roger-serrano","12":"tag-running","13":"tag-running-solutions","14":"tag-triathlon","15":"tag-triatlon","16":"tag-triatlon-olimpico","17":"tag-wild-wolf-series"},"acf":[],"_links":{"self":[{"href":"https:\/\/miurltemporal.com/main/triatletasenred.sport.es\/wp-json\/wp\/v2\/posts\/15613"}],"collection":[{"href":"https:\/\/miurltemporal.com/main/triatletasenred.sport.es\/wp-json\/wp\/v2\/posts"}],"about":[{"href":"https:\/\/miurltemporal.com/main/triatletasenred.sport.es\/wp-json\/wp\/v2\/types\/post"}],"author":[{"embeddable":true,"href":"https:\/\/miurltemporal.com/main/triatletasenred.sport.es\/wp-json\/wp\/v2\/users\/6"}],"replies":[{"embeddable":true,"href":"https:\/\/miurltemporal.com/main/triatletasenred.sport.es\/wp-json\/wp\/v2\/comments?post=15613"}],"version-history":[{"count":0,"href":"https:\/\/miurltemporal.com/main/triatletasenred.sport.es\/wp-json\/wp\/v2\/posts\/15613\/revisions"}],"wp:featuredmedia":[{"embeddable":true,"href":"https:\/\/miurltemporal.com/main/triatletasenred.sport.es\/wp-json\/wp\/v2\/media\/15616"}],"wp:attachment":[{"href":"https:\/\/miurltemporal.com/main/triatletasenred.sport.es\/wp-json\/wp\/v2\/media?parent=15613"}],"wp:term":[{"taxonomy":"category","embeddable":true,"href":"https:\/\/miurltemporal.com/main/triatletasenred.sport.es\/wp-json\/wp\/v2\/categories?post=15613"},{"taxonomy":"post_tag","embeddable":true,"href":"https:\/\/miurltemporal.com/main/triatletasenred.sport.es\/wp-json\/wp\/v2\/tags?post=15613"}],"curies":[{"name":"wp","href":"https:\/\/api.w.org\/{rel}","templated":true}]}}