{"id":14486,"date":"2013-07-09T04:01:44","date_gmt":"2013-07-09T04:01:44","guid":{"rendered":"http:\/\/triatletasenred.com\/?p=14486"},"modified":"2013-07-12T05:33:17","modified_gmt":"2013-07-12T05:33:17","slug":"cronica-transfronterera","status":"publish","type":"post","link":"https:\/\/miurltemporal.com/main/triatletasenred.sport.es\/actualidad\/cronica-transfronterera\/","title":{"rendered":"Cr\u00f3nica Transfronterera"},"content":{"rendered":"<h5 style=\"text-align: justify;\"><span style=\"font-size: 13px; line-height: 19px;\">M\u00e1s de 200 nadadores participaron en la quinta edici\u00f3n de la Transfronterera organizada por Neda el M\u00f3n.<\/span><\/h5>\n<p style=\"text-align: justify;\">La traves\u00eda, de 3.300 metros, de car\u00e1cter no competitivo, cruza a nado por la frontera entre Francia y Espa\u00f1a, saliendo en Cerb\u00e8re y con llegada en Portbou, uniendo la Costa Marenda con la Costa Brava.<\/p>\n<p style=\"text-align: justify;\">El traslado hasta el punto de salida, situado en la playa de Cerb\u00e8re, se pod\u00eda hacer de tres maneras distintas, en autob\u00fas, puesto por la organizaci\u00f3n, a pie, haciendo una excursi\u00f3n guiada, pudiendo ver donde se nadar\u00eda a posterior y tambi\u00e9n hab\u00eda la posibilidad de ir nadando hasta la salida.<\/p>\n<p style=\"text-align: justify;\">Si se optaba por ir nadando, se hac\u00eda de esta manera la doble Transfronterera, 6.600 metros. Los que escogieron esta opci\u00f3n tuvieron toda la seguridad necesaria en el mar, con todo el despliegue de kayaks y embarcaciones de soporte.<\/p>\n<p style=\"text-align: justify;\"><img fetchpriority=\"high\" decoding=\"async\" class=\"alignright\" alt=\"\" src=\"https:\/\/dl.dropboxusercontent.com\/u\/3879676\/triATLETAS\/imatges\/ultraquim\/varies\/Transfronterera.JPG\" width=\"306\" height=\"204\" \/>El agua a 20 grados, con un sol radiante, sin la temida tramontana de esta zona, sin casi ninguna medusa, junto con muy buena mar, hicieron que una parte de los nadadores optaran por nadar sin neopreno, incluso algunos de los que realizaron el primer tramo de la doble Transfronterera con \u00e9l, al llegar a Cerb\u00e8re, se lo quitaron para hacer el tramo de regreso a piel. La salida en la playa de Cerb\u00e8re, se hizo conjuntamente con todos los nadadores al mismo tiempo, los que hac\u00edan la Transfronterera, 3.300 m. y los que hac\u00edan la Doble, 6.600 m.<\/p>\n<p style=\"text-align: justify;\">Al haber nadadores que fueron nadando hasta la salida, hizo que en la playa de Cerb\u00e8re hubiera un ambiente especial, con participantes expectantes de como se hab\u00eda encontrado el mar durante todo su recorrido.<\/p>\n<p style=\"text-align: justify;\">Algunos de los que hicieron la excursi\u00f3n a pie, comentaban literalmente que se les puso piel de gallina al ver a los que iban nadando, vi\u00e9ndoles avanzar en el agua e imaginando que en poco rato ellos estar\u00edan all\u00ed.<\/p>\n<p style=\"text-align: justify;\">Los nadadores pudieron disfrutar de un paisaje \u00fanico, esculpido por agua y viento, con una mar encalmada, solo un poco movida en la punta de Cerb\u00e8re,<\/p>\n<p style=\"text-align: justify;\">Cuando termino la Transfronterera, los m\u00e1s peque\u00f1os tuvieron la oportunidad de hacer su propia traves\u00eda, Neda el Nen, en la playa de Portbou.<\/p>\n<p><a class=\"vc_btn vc_btn-pink vc_btn-sm vc_btn_square \" href=\"http:\/\/www.ultraquim.net\/\" rel=\"nofollow noopener\" target=\"_blank\">ESPACIO DE ULTRAQUIM<\/a><br \/>\n<a class=\"vc_btn vc_btn-pink vc_btn-sm vc_btn_square \" href=\"https:\/\/twitter.com\/ultraquim\" rel=\"nofollow noopener\" target=\"_blank\">@ultraquim<\/a><\/p>\n","protected":false},"excerpt":{"rendered":"<p>M\u00e1s de 200 nadadores participaron en la quinta edici\u00f3n de la Transfronterera organizada por Neda el M\u00f3n. La traves\u00eda, de 3.300 metros, de car\u00e1cter no competitivo, cruza a nado por la frontera entre Francia y Espa\u00f1a, saliendo en Cerb\u00e8re y con llegada en Portbou, uniendo la Costa Marenda con la Costa Brava. El traslado hasta [&hellip;]<\/p>\n","protected":false},"author":6,"featured_media":14487,"comment_status":"open","ping_status":"open","sticky":false,"template":"","format":"standard","meta":{"_acf_changed":false,"rank_math_lock_modified_date":false,"footnotes":""},"categories":[17,517],"tags":[87,318,461,833,114,41],"class_list":{"0":"post-14486","1":"post","2":"type-post","3":"status-publish","4":"format-standard","5":"has-post-thumbnail","7":"category-actualidad","8":"category-travesias","9":"tag-natacion","10":"tag-natacion-aguas-abiertas","11":"tag-swim","12":"tag-transfronterera","13":"tag-travesia","14":"tag-ultraquim"},"acf":[],"_links":{"self":[{"href":"https:\/\/miurltemporal.com/main/triatletasenred.sport.es\/wp-json\/wp\/v2\/posts\/14486"}],"collection":[{"href":"https:\/\/miurltemporal.com/main/triatletasenred.sport.es\/wp-json\/wp\/v2\/posts"}],"about":[{"href":"https:\/\/miurltemporal.com/main/triatletasenred.sport.es\/wp-json\/wp\/v2\/types\/post"}],"author":[{"embeddable":true,"href":"https:\/\/miurltemporal.com/main/triatletasenred.sport.es\/wp-json\/wp\/v2\/users\/6"}],"replies":[{"embeddable":true,"href":"https:\/\/miurltemporal.com/main/triatletasenred.sport.es\/wp-json\/wp\/v2\/comments?post=14486"}],"version-history":[{"count":0,"href":"https:\/\/miurltemporal.com/main/triatletasenred.sport.es\/wp-json\/wp\/v2\/posts\/14486\/revisions"}],"wp:featuredmedia":[{"embeddable":true,"href":"https:\/\/miurltemporal.com/main/triatletasenred.sport.es\/wp-json\/wp\/v2\/media\/14487"}],"wp:attachment":[{"href":"https:\/\/miurltemporal.com/main/triatletasenred.sport.es\/wp-json\/wp\/v2\/media?parent=14486"}],"wp:term":[{"taxonomy":"category","embeddable":true,"href":"https:\/\/miurltemporal.com/main/triatletasenred.sport.es\/wp-json\/wp\/v2\/categories?post=14486"},{"taxonomy":"post_tag","embeddable":true,"href":"https:\/\/miurltemporal.com/main/triatletasenred.sport.es\/wp-json\/wp\/v2\/tags?post=14486"}],"curies":[{"name":"wp","href":"https:\/\/api.w.org\/{rel}","templated":true}]}}