{"id":14178,"date":"2013-07-04T04:34:45","date_gmt":"2013-07-04T04:34:45","guid":{"rendered":"http:\/\/triatletasenred.com\/?p=14178"},"modified":"2016-02-29T13:13:18","modified_gmt":"2016-02-29T11:13:18","slug":"nuetra-cronica-de-la-andorra-ultra-mitic","status":"publish","type":"post","link":"https:\/\/miurltemporal.com/main/triatletasenred.sport.es\/actualidad\/nuetra-cronica-de-la-andorra-ultra-mitic\/","title":{"rendered":"Nuestra cr\u00f3nica de la Andorra Ultra M\u00edtic"},"content":{"rendered":"<h5 style=\"text-align: justify;\">DANI CALVO &#8211; \u201cSubir al cielo, ver el infierno para finalmente llegar al para\u00edso\u201d. Esta frase es un buen resumen de lo que deben sentir muchos Finishers de este Ultra Trail, pues su gran desnivel as\u00ed como la cantidad de km hacen que cuando la terminas sientas una satisfacci\u00f3n inexplicable.<\/h5>\n<p style=\"text-align: justify;\">Sinceramente esta carrera no tiene nada que envidiar al famoso Ultra Trail del Montblanc (UTMB), ya que seg\u00fan muchos participantes que han realizado ambas carreras, piensan que la de Andorra es una de las carreras m\u00e1s duras de Europa donde solamente un 45% de los participantes que toman la salida logran cruzar la meta de llegada.<\/p>\n<p style=\"text-align: justify;\">Era la segunda vez que participaba en esta carrera, lo hab\u00eda hecho el a\u00f1o pasado tardando casi 36h en completar los <b>112km y los 9700 metros <\/b>de desnivel positivo del recorrido original, sin duda lo m\u00e1s duro que he hecho nunca. Al acabar dije que no la volver\u00eda a hacer m\u00e1s, pero como veis y por culpa de un arrebato despu\u00e9s de una frustraci\u00f3n en otra carrera promet\u00ed a un compa\u00f1ero que la volver\u00eda a correr.<\/p>\n<p style=\"text-align: justify;\">Este a\u00f1o ten\u00eda dudas, para ser sincero no me apetec\u00eda volver a sufrir tanto, sobretodo lo que no me apetec\u00eda era repetir esa maldita segunda noche donde en las bajadas se me cerraban los ojos. Unas semanas antes y viendo que este a\u00f1o hab\u00eda hecho fr\u00edo y hab\u00eda nevado mucho, me imagin\u00e9 que en las monta\u00f1as habr\u00eda mucha nieve, cosa que har\u00eda a\u00fan m\u00e1s dif\u00edcil la traves\u00eda, sobretodo en los puntos m\u00e1s altos. Desde la organizaci\u00f3n eran reticentes a cambiar el recorrido, por lo que mis nervios iban en aumento. Yo solamente pensaba en que si el a\u00f1o pasado tard\u00e9 tantas horas en acabarla, este a\u00f1o con la nieve dificultando cada uno de nuestros pasos, (por si no fuera ya dif\u00edcil de por s\u00ed avanzar en subidas de m\u00e1s del 30%) ser\u00eda una locura. Al final, y debido a una \u00faltima nevada dos semanas antes, la organizaci\u00f3n se vi\u00f3 obligada a cambiar el recorrido. Ya no sub\u00edamos el Comapedrosa (punto m\u00e1s alto de Andorra a <b>casi 3000 metros<\/b>), as\u00ed la carrera se realizar\u00eda en cotas m\u00e1s bajas. En lugar de ir casi todo el rato por encima de los 2500m, ir\u00edamos entre los <b>2000 y 2500 metros,<\/b> altura igualmente nada despreciable. Al final y seg\u00fan la organizaci\u00f3n, la carrera se quedaba en <b>110 km y 7200m<\/b> de desnivel positivo, que aunque segu\u00eda siendo una carrera dur\u00edsima y con mucho desnivel, el hecho de hacer 2500 metros menos pod\u00eda suponer un ahorro de tiempo muy importante. En ese momento me qued\u00e9 m\u00e1s tranquilo, ya que haciendo mis c\u00e1lculos vi posible acabar la carrera en unas 24h, evitando as\u00ed la tan temida segunda noche<\/p>\n<p style=\"text-align: center;\"><img fetchpriority=\"high\" decoding=\"async\" class=\"aligncenter\" alt=\"\" src=\"https:\/\/dl.dropboxusercontent.com\/u\/3879676\/triATLETAS\/imatges\/competis\/trail\/andorra\/andorra2.jpg\" width=\"531\" height=\"231\" \/><\/p>\n<p style=\"text-align: justify;\">En el briefing, antes de salir, nos explicaron una peque\u00f1a modificaci\u00f3n del recorrido: Evitar\u00edamos subir al \u201cBony de la Pica\u201d que a causa de una tormenta de \u00faltima hora qued\u00f3 en muy mal estado. A cambio de subir, nos a\u00f1adir\u00edan 7 km extra de bajada hacia la \u201cMargineda\u201d, primera base de vida, con lo que el recorrido quedar\u00eda compensado en <b>117 km y unos 6800 <\/b>metros de desnivel. Parec\u00eda un cambio razonable pero como coment\u00e9 con un compa\u00f1ero el a\u00f1o pasado, &#8220;Andorra es Andorra y en este pa\u00eds, cuando parece que est\u00e1s a punto de terminar algo, <b>siempre queda algo m\u00e1s<\/b>&#8221; . Sensaci\u00f3n que se nos repet\u00eda una y otra vez a lo largo de la carrera. El caso es que no solo hubo esta modificaci\u00f3n: en el tramo que iba desde el \u201cRefugi de l\u2019Illa\u201d hasta \u201cBordes d\u2019Envalira\u201d, que ya de por s\u00ed era bastante largo (unos 20km), a\u00f1adieron dos subidas infernales de unos 600m de desnivel sin previo aviso alguno y 3 km m\u00e1s de distancia. Creo que es ese fue el \u00fanico error que cometi\u00f3 la organizaci\u00f3n, pues este a\u00f1adido sorpresa precisamente al final de los dos avituallamientos, se produjo justamente en el punto donde las fuerzas empezaban a fallar debido al cansancio acumulado durante ya casi 20 horas que llev\u00e1bamos corriendo y m\u00e1s a\u00fan creyendo que solo quedaba bajada. Encontrarte con estas dos \u201cparedes\u201d merm\u00f3 bastante los \u00e0nimos de muchos de los participantes.<\/p>\n<p style=\"text-align: justify;\">Una vez superados estos tramos llegamos a \u201cBordes d\u2019Envalira\u201d, m\u00e1s pronto que el a\u00f1o anterior pero m\u00e1s tarde de lo esperado, habiendo hecho unos 10km m\u00e1s que en el recorrido original. Esto daba a entender que no llegar\u00edamos en 24h, aunque pens\u00e1bamos que llegar\u00edamos a primera hora de la madrugada, pero como ya he dicho antes &#8220;Andorra es Andorra y no es oro todo lo que reluce&#8221;. Lo que ten\u00edan que ser unos 12km bastante llanos, se convirtieron en 15km de sube y baja llenos de barro con lo que el ritmo fue bastante lento. Llegamos al refugio de \u201cArminia\u201d bastante tarde y a\u00fan nos quedaba una subida muy fuerte. Ya hab\u00edamos asumido que la cosa se alargar\u00eda m\u00e1s de lo previsto, pero por suerte ya est\u00e1bamos metidos en el meollo de la segunda noche y sinceramente ya nos daba igual si eran 2, 3 o 4 horas m\u00e1s andando. En este punto s\u00ed que el sue\u00f1o apareci\u00f3 con fuerza. Eran las 3 de la madrugada y ya ten\u00edamos ganas de acabar. Particularmente, ten\u00eda los pies llenos de ampollas desde hac\u00eda horas, ya que durante todo el recorrido tuve los pies y los zapatos mojados debido a los r\u00edos de agua que bajaban por culpa del deshielo.\u00a0 Cuando me descalc\u00e9 en uno de los avituallamientos para tratar las ampollas, vi que mis pies estaban como hervidos! Fue una cosa bastante desagradable de ver. Pens\u00e9 que lo m\u00e1s conveniente ser\u00eda concentrarse en pisar de la mejor manera posible las piedras y rocas e intentar ir por la hierba siempre que se pudiera. El objetivo era aguantar con el menor dolor posible.<\/p>\n<p style=\"text-align: justify;\">Finalmente llegamos mis dos compa\u00f1eros y yo a la meta a las 5:30 de la madrugada, o sea que hicimos la segunda noche. Curiosamente y supongo que debido a la experiencia acumulada despu\u00e9s de unos a\u00f1os y al haberla hecho el a\u00f1o anterior, la carrera se me hizo menos dura de lo esperado. Supongo que el hecho de pensar que no iba a tardar tanto desde el principio, me ayud\u00f3 a que estuviera relajado al inicio y una vez empezada la carrera ya me daba igual 8 que 80. Acabamos la Ultra M\u00edtic en <b>31h 37 minutos<\/b> y recorrimos <b>124 km con 7700m<\/b> de desnivel positivo (menuda compensaci\u00f3n, jeje)<\/p>\n<p style=\"text-align: justify;\">Hablando de la organizaci\u00f3n, decir que es una de las mejores que he encontrado. Se han preocupado en todo momento, as\u00ed como semanas antes, en estudiar bien los recorridos, ofreciendo avituallamientos muy completos y mejorados en comparaci\u00f3n a los del a\u00f1o anterior. Los voluntarios estuvieron de diez, ayudando y sirviendo con mucha amabilidad y animando en todo momento (menci\u00f3n especial para los de \u201cArminia\u201d). El marcaje del camino fue excelente, sin casi opci\u00f3n a perderse. Por poner alguna pega: la \u201ccompensaci\u00f3n\u201d la cual no estaba reflejada en el perfil antes de \u201cBordes d\u2019Envalira\u201d.<\/p>\n<p style=\"text-align: center;\"><img decoding=\"async\" class=\"aligncenter\" alt=\"\" src=\"https:\/\/dl.dropboxusercontent.com\/u\/3879676\/triATLETAS\/imatges\/competis\/trail\/andorra\/andorra3.jpg\" width=\"441\" height=\"286\" \/><\/p>\n<p style=\"text-align: justify;\">El material obligatorio este a\u00f1o se vi\u00f3 aumentado debido a las condiciones de nieve, aunque en una mochila normal pod\u00eda caber todo. Lo que s\u00ed que recomendar\u00eda encarecidamente a los que tengan pensado hacerla ser\u00eda el uso de bastones de trail ya que ayudan much\u00edsimo en las subidas con fuerte desnivel, las cuales son constantes. Personalmente decir que realic\u00e9 todo el recorrido con calzado minimalista y no tuve ning\u00fan problema. Es m\u00e1s, not\u00e9 que mis piernas se fatigaban menos que de costumbre y que adem\u00e1s ten\u00eda m\u00e1s equilibrio a la hora de bajar y pisar mal las piedras.<\/p>\n<p style=\"text-align: justify;\">En resumen: una carrera fant\u00e0stica, llena de subidas infernales, bajadas de v\u00e9rtigo, trialeras largu\u00edsimas, grandes vistas tanto de noche bajo la luna llena como de d\u00eda, pasos sobre roca, tierra, agua, barro, hierba, nieve, etc. Una organizaci\u00f3n \u201ccasi\u201d perfecta y sufrimiento, mucho sufrimiento! Apetece, no?<\/p>\n<p style=\"text-align: justify;\">Adem\u00e0s de la Ultra M\u00edtic para los m\u00e1s \u201clocos\u201d hab\u00eda la opci\u00f3n de una carrera mayor: <b>La Ronda dels Cims de 170km<\/b>, y luego dos opciones m\u00e1s asequibles para empezar a iniciarse en Trails de Alta monta\u00f1a: la <b>Celestrail de 86km <\/b>y la <b>Trail de 35km<\/b>.<\/p>\n<p style=\"text-align: justify;\">Sin duda una carrera muy exigente que requiere bastante preparaci\u00f3n tanto f\u00edsica como mental, que no deja indiferente a nadie y la que recomiendo hacer alguna vez en la vida. Y si es en compa\u00f1\u00eda mucho mejor!<\/p>\n<p style=\"text-align: justify;\">Este a\u00f1o he vuelto a decir que no repetir\u00e9, pero quien sabe si me vuelve a coger otro ataque de locura y me da por apuntarme de nuevo para 2014!!<\/p>\n<p style=\"text-align: justify;\"><a class=\"vc_btn vc_btn-blue vc_btn-sm vc_btn_square \" href=\"https:\/\/twitter.com\/danics81\" rel=\"nofollow noopener\" target=\"_blank\"><b>@<\/b>danics81<\/a><\/p>\n","protected":false},"excerpt":{"rendered":"<p>DANI CALVO &#8211; \u201cSubir al cielo, ver el infierno para finalmente llegar al para\u00edso\u201d. Esta frase es un buen resumen de lo que deben sentir muchos Finishers de este Ultra Trail, pues su gran desnivel as\u00ed como la cantidad de km hacen que cuando la terminas sientas una satisfacci\u00f3n inexplicable. Sinceramente esta carrera no tiene [&hellip;]<\/p>\n","protected":false},"author":6,"featured_media":14179,"comment_status":"open","ping_status":"open","sticky":false,"template":"","format":"standard","meta":{"_acf_changed":false,"rank_math_lock_modified_date":false,"footnotes":""},"categories":[17,19],"tags":[799,1814,138,102,99,101,40],"class_list":{"0":"post-14178","1":"post","2":"type-post","3":"status-publish","4":"format-standard","5":"has-post-thumbnail","7":"category-actualidad","8":"category-competiciones","9":"tag-andorra","10":"tag-cronica-desde-el-dorsal","11":"tag-running","12":"tag-trail","13":"tag-ultra-trail-andorra","14":"tag-ultrarun","15":"tag-utra-trail"},"acf":[],"_links":{"self":[{"href":"https:\/\/miurltemporal.com/main/triatletasenred.sport.es\/wp-json\/wp\/v2\/posts\/14178"}],"collection":[{"href":"https:\/\/miurltemporal.com/main/triatletasenred.sport.es\/wp-json\/wp\/v2\/posts"}],"about":[{"href":"https:\/\/miurltemporal.com/main/triatletasenred.sport.es\/wp-json\/wp\/v2\/types\/post"}],"author":[{"embeddable":true,"href":"https:\/\/miurltemporal.com/main/triatletasenred.sport.es\/wp-json\/wp\/v2\/users\/6"}],"replies":[{"embeddable":true,"href":"https:\/\/miurltemporal.com/main/triatletasenred.sport.es\/wp-json\/wp\/v2\/comments?post=14178"}],"version-history":[{"count":0,"href":"https:\/\/miurltemporal.com/main/triatletasenred.sport.es\/wp-json\/wp\/v2\/posts\/14178\/revisions"}],"wp:featuredmedia":[{"embeddable":true,"href":"https:\/\/miurltemporal.com/main/triatletasenred.sport.es\/wp-json\/wp\/v2\/media\/14179"}],"wp:attachment":[{"href":"https:\/\/miurltemporal.com/main/triatletasenred.sport.es\/wp-json\/wp\/v2\/media?parent=14178"}],"wp:term":[{"taxonomy":"category","embeddable":true,"href":"https:\/\/miurltemporal.com/main/triatletasenred.sport.es\/wp-json\/wp\/v2\/categories?post=14178"},{"taxonomy":"post_tag","embeddable":true,"href":"https:\/\/miurltemporal.com/main/triatletasenred.sport.es\/wp-json\/wp\/v2\/tags?post=14178"}],"curies":[{"name":"wp","href":"https:\/\/api.w.org\/{rel}","templated":true}]}}