{"id":13018,"date":"2013-06-04T04:43:28","date_gmt":"2013-06-04T04:43:28","guid":{"rendered":"http:\/\/triatletasenred.com\/?p=13018"},"modified":"2013-06-04T07:32:07","modified_gmt":"2013-06-04T07:32:07","slug":"1a-duatlon-padres-e-hijos-barcelona-2013","status":"publish","type":"post","link":"https:\/\/miurltemporal.com/main/triatletasenred.sport.es\/en-red\/1a-duatlon-padres-e-hijos-barcelona-2013\/","title":{"rendered":"Interesante iniciativa de Duatl\u00f3n Familiar"},"content":{"rendered":"<h5 style=\"text-align: justify;\">Presentaci\u00f3n de la <b>1\u00aa Duatl\u00f3n Padres e Hijos<\/b>, acontecimiento deportivo que tendr\u00e1 lugar en Barcelona (Montjuic) el 16 de junio.<\/h5>\n<p style=\"text-align: justify;\">Al acto ha estado presente el Sr. <b>Xavier Amador<\/b> (Director de Relaciones Institucionales del \u00e1rea de Calidad de Vida, Igualdad y Deportes del Ayuntamiento de Barcelona), Sr. <b>Jaume Mora<\/b> (Presidente del Consell del l\u2019Esport Escolar de Barcelona) y el Sr. <b>\u00d3scar Gallego<\/b> (director de la carrera y venue manager de la empresa Kaptiva Sports, organizadores de la Duatl\u00f3n Padres e hijos).<\/p>\n<p style=\"text-align: justify;\">Ser\u00e1 la primera vez que se organiza un acontecimiento deportivo en territorio nacional, donde pares\/madres y sus respectivos hijos\/as, podr\u00e1n competir de forma conjunta corriendo y en bicicleta, con un objetivo claro: llegar juntos a la l\u00ednea de meta.<\/p>\n<p style=\"text-align: justify;\"><img fetchpriority=\"high\" decoding=\"async\" class=\"alignright\" alt=\"\" src=\"https:\/\/dl.dropboxusercontent.com\/u\/3879676\/triATLETAS\/imatges\/varies\/rueda%20de%20prensa.jpg\" width=\"384\" height=\"288\" \/>El Sr Xavier Amador ha remarcado la importancia de trabajar el deporte en el n\u00facleo de las familias, las ventajas que esto genera a nivel de salud y de uni\u00f3n entre padres e hijos, y tambi\u00e9n el hecho que este acontecimiento de nueva creaci\u00f3n, tenga lugar en una ciudad como Barcelona, ciudad que cada fin de semana vive manifestaciones deportivas por todas partes de la ciudad.<\/p>\n<p style=\"text-align: justify;\">Por su parte, el Sr. Jaume Mora ha querido recordar el peso e importancia que tienen los padres y madres en inculcar la pr\u00e1ctica deportiva en sus hijos y la mejor forma, es dando ejemplo y participando con ellos en una carrera de estas caracter\u00edsticas.<\/p>\n<p style=\"text-align: justify;\">Por \u00faltimo, el Sr. \u00d3scar Gallego ha explicado que el objetivo de la Duatl\u00f3n es m\u00e1s participativo que competitivo y que se han buscado distancias no muy exigentes para que cualquier familia pudiese participar. Adem\u00e1s se habilitar\u00e1 una zona l\u00fadica con hinchables, pista de atletismo y talleres infantiles, para que los acompa\u00f1antes puedan disfrutar de una jornada l\u00fadica y deportiva. La previsi\u00f3n es de unos <b>1.200 participantes<\/b>.<\/p>\n<p style=\"text-align: justify;\">En cuanto a la competici\u00f3n, padres y madres podr\u00e1n competir con sus hijos\/as, siempre y cuando est\u00e9n en la edad comprendida entre los 7 y los 14 a\u00f1os. Ambos miembros de la pareja tendr\u00e1n que hacer primero un circuito corriendo y otro en bici y acabar\u00e1n la Duatl\u00f3n corriendo los dos miembros de la pareja cogidos de la mano y entrando juntos a la l\u00ednea de meta. Tambi\u00e9n se ha creado una categor\u00eda especial por familiares, donde t\u00edos\/as o abuelos\/as, podr\u00e1n competir con sus sobrinos\/as o nietos\/as.<\/p>\n<p style=\"text-align: justify;\">Hay que destacar la presencia de Nacho C\u00e1ceres, atleta ol\u00edmpico en la Marat\u00f3n de Londres 2012, que participar\u00e1 con una de sus hijas.<\/p>\n<p style=\"text-align: justify;\">Para m\u00e1s informaci\u00f3n de la cursa <a href=\"http:\/\/www.duatloparesfills.com\" rel=\"nofollow noopener\" target=\"_blank\">www.duatloparesfills.com<\/a><\/p>\n<p style=\"text-align: justify;\">\n","protected":false},"excerpt":{"rendered":"<p>Presentaci\u00f3n de la 1\u00aa Duatl\u00f3n Padres e Hijos, acontecimiento deportivo que tendr\u00e1 lugar en Barcelona (Montjuic) el 16 de junio. Al acto ha estado presente el Sr. Xavier Amador (Director de Relaciones Institucionales del \u00e1rea de Calidad de Vida, Igualdad y Deportes del Ayuntamiento de Barcelona), Sr. Jaume Mora (Presidente del Consell del l\u2019Esport Escolar [&hellip;]<\/p>\n","protected":false},"author":6,"featured_media":13019,"comment_status":"open","ping_status":"open","sticky":false,"template":"","format":"standard","meta":{"_acf_changed":false,"rank_math_lock_modified_date":false,"footnotes":""},"categories":[16],"tags":[572,721],"class_list":{"0":"post-13018","1":"post","2":"type-post","3":"status-publish","4":"format-standard","5":"has-post-thumbnail","7":"category-en-red","8":"tag-duatlon","9":"tag-duatlon-padres-e-hijos"},"acf":[],"_links":{"self":[{"href":"https:\/\/miurltemporal.com/main/triatletasenred.sport.es\/wp-json\/wp\/v2\/posts\/13018"}],"collection":[{"href":"https:\/\/miurltemporal.com/main/triatletasenred.sport.es\/wp-json\/wp\/v2\/posts"}],"about":[{"href":"https:\/\/miurltemporal.com/main/triatletasenred.sport.es\/wp-json\/wp\/v2\/types\/post"}],"author":[{"embeddable":true,"href":"https:\/\/miurltemporal.com/main/triatletasenred.sport.es\/wp-json\/wp\/v2\/users\/6"}],"replies":[{"embeddable":true,"href":"https:\/\/miurltemporal.com/main/triatletasenred.sport.es\/wp-json\/wp\/v2\/comments?post=13018"}],"version-history":[{"count":0,"href":"https:\/\/miurltemporal.com/main/triatletasenred.sport.es\/wp-json\/wp\/v2\/posts\/13018\/revisions"}],"wp:featuredmedia":[{"embeddable":true,"href":"https:\/\/miurltemporal.com/main/triatletasenred.sport.es\/wp-json\/wp\/v2\/media\/13019"}],"wp:attachment":[{"href":"https:\/\/miurltemporal.com/main/triatletasenred.sport.es\/wp-json\/wp\/v2\/media?parent=13018"}],"wp:term":[{"taxonomy":"category","embeddable":true,"href":"https:\/\/miurltemporal.com/main/triatletasenred.sport.es\/wp-json\/wp\/v2\/categories?post=13018"},{"taxonomy":"post_tag","embeddable":true,"href":"https:\/\/miurltemporal.com/main/triatletasenred.sport.es\/wp-json\/wp\/v2\/tags?post=13018"}],"curies":[{"name":"wp","href":"https:\/\/api.w.org\/{rel}","templated":true}]}}