{"id":12892,"date":"2013-06-03T04:24:25","date_gmt":"2013-06-03T04:24:25","guid":{"rendered":"http:\/\/triatletasenred.com\/?p=12892"},"modified":"2013-06-10T05:23:55","modified_gmt":"2013-06-10T05:23:55","slug":"previa-del-3tcs-el-primer-triatlon-de-media-distancia-de-la-provincia-de-castellon","status":"publish","type":"post","link":"https:\/\/miurltemporal.com/main/triatletasenred.sport.es\/actualidad\/previa-del-3tcs-el-primer-triatlon-de-media-distancia-de-la-provincia-de-castellon\/","title":{"rendered":"Cuenta atr\u00e1s para 3TCS, el primer triatl\u00f3n de MD de Castell\u00f3n"},"content":{"rendered":"<h5 style=\"text-align: justify;\">El pr\u00f3ximo domingo 16 de junio en la poblaci\u00f3n de Pe\u00f1\u00edscola se disputara el primer triatl\u00f3n de media distancia de la provincia de Castell\u00f3n, y es por eso que des de triatletasenred.com os ofrecemos la previa de lo que os encontrareis en este magnifico evento.<\/h5>\n<p style=\"text-align: justify;\">La prueba contar\u00e1 con Miquel Blanchart, actual campe\u00f3n de Espa\u00f1a de triatl\u00f3n de larga distancia y reciente subcampe\u00f3n del Ironman de Lanzarote, que en su camino hacia el Ironman de Kona 2014 har\u00e1 una parada en Pe\u00f1\u00edscola para participar en el 3TCS.<\/p>\n<h5 style=\"text-align: justify;\"><b><span style=\"text-decoration: underline;\">Nataci\u00f3n<\/span><\/b><\/h5>\n<p style=\"text-align: justify;\"><img decoding=\"async\" class=\"alignright\" alt=\"\" src=\"https:\/\/dl.dropbox.com\/u\/3879676\/triATLETAS\/imatges\/competis\/3TCS\/carrete29_08%20220.jpg\" width=\"220\" height=\"170\" \/>El primer segmento destaca por comenzar y terminar en playas diferentes, rodeando el t\u00f3mbolo donde se asienta el casco antiguo de la poblaci\u00f3n, haciendo una circunferencia de 270\u00ba en sentido antihorario, por lo que lo m\u00e1s destacable ser\u00e1n las corrientes que ir\u00e1n variando en funci\u00f3n del tramo del circuito, y tambi\u00e9n el campo de visi\u00f3n variable. Ambas playas destacan por su buen firme al adentrarse en el agua y que \u00e9sta va cubriendo poco a poco.<\/p>\n<p style=\"text-align: justify;\">El recorrido estar\u00e1 se\u00f1alizado con boyas bien visibles en cada curva y podr\u00e1 ser seguido por el p\u00fablico muy de cerca ya que podr\u00e1n ver a los atletas nadando en diferentes puntos. Una vez se haya tomado el \u00faltimo viraje, con boya de color diferente al resto para marcar el \u00faltimo viraje, se abandonar\u00e1 el agua en la playa norte, con un tramo de 75 m de arena y 50 metros de paseo mar\u00edtimo debidamente enmoquetado, hasta alcanzar la zona de transici\u00f3n, donde la entrada es por el sur y salida por el norte.<\/p>\n<h5 style=\"text-align: justify;\"><b><span style=\"text-decoration: underline;\">Ciclismo<\/span><\/b><\/h5>\n<p style=\"text-align: justify;\">El circuito de bici comenzara por la Avda. Pigmali\u00f3n para abandonar Pe\u00f1\u00edscola direcci\u00f3n oeste en una larga recta de 5km. Una vez alcanzada la CV-1340, comienza una zona ligeramente ascendente (140m. de desnivel en 15km) hasta llegar a C\u00e1lig. En C\u00e1lig comenzara el bucle de 20km que forma junto con las poblaciones de Cervera del Maestre y San Jorge, al que se daran tres vueltas en sentido horario, en un circuito r\u00e1pido y ondulado en el que siempre se estara entre 100 y 200 metros de altura.<\/p>\n<p style=\"text-align: justify;\">Hay que tener en cuenta los puntos de peligro donde prestar especial atenci\u00f3n, que son principalmente los desv\u00edos en cada una de las poblaciones, y el paso por un t\u00fanel estrecho, que corresponde al km. 7.8 y 81.4.<\/p>\n<p style=\"text-align: justify;\">El circuito no ser\u00e1 cerrado al trafico, pero cabe destacar que estas carreteras destacan por su excelente asfaltado y la poca fluidez de vehiculos.<\/p>\n<p style=\"text-align: center;\"><a href=\"http:\/\/www.3tcs.es\/archivos\/images\/Perfil%20Bici%203TCS.jpg\" target=\"_blank\" rel=\"nofollow noopener\"><img fetchpriority=\"high\" decoding=\"async\" class=\"aligncenter\" alt=\"\" src=\"http:\/\/www.3tcs.es\/archivos\/images\/Perfil%20Bici%203TCS.jpg\" width=\"632\" height=\"116\" \/><\/a><\/p>\n<h5 style=\"text-align: justify;\"><b><span style=\"text-decoration: underline;\">Carrera a pie<\/span><\/b><\/h5>\n<p style=\"text-align: justify;\"><img decoding=\"async\" class=\"alignright\" alt=\"\" src=\"https:\/\/dl.dropboxusercontent.com\/u\/3879676\/triATLETAS\/imatges\/competis\/3TCS\/Captura%20de%20pantalla%202013-05-30%20a%20la%28s%29%2014.52.55.jpg\" width=\"215\" height=\"163\" \/>La carrera a pie tiene dos rampas cortas pero exigentes en los primeros dos kil\u00f3metros, para pasar a una zona pr\u00e1cticamente plana en la se pasara a correr a escasos metros del mar, siempre con unas magnificas vistas de las calas y el castillo de Pe\u00f1\u00edscola. Habr\u00e1 un paso por un camino de tierra totalmente plano hasta donde se proceder\u00e1 a girar de 180\u00ba para volver direcci\u00f3n Pe\u00f1\u00edscola. Se trata de un circuito de 7 km exactos al que se dar\u00e1n tres vueltas, pasando por la zona de meta en cada uno de los giros.<\/p>\n<p style=\"text-align: justify;\">M\u00e1s inforamci\u00f3n en <a title=\"www.3tcs.es \" href=\"http:\/\/www.3tcs.es\/\" target=\"_blank\" rel=\"nofollow noopener\">www.3tcs.es <\/a><\/p>\n<p style=\"text-align: justify;\"><a class=\"vc_btn vc_btn-red vc_btn-sm vc_btn_square \" href=\"https:\/\/dl.dropboxusercontent.com\/u\/3879676\/triATLETAS\/imatges\/competis\/3TCS\/Bici%203TCS.tcx\" rel=\"nofollow noopener\" target=\"_blank\">Track circuito ciclismo<\/a><\/p>\n<p style=\"text-align: justify;\"><a class=\"vc_btn vc_btn-red vc_btn-sm vc_btn_square \" href=\"https:\/\/dl.dropboxusercontent.com\/u\/3879676\/triATLETAS\/imatges\/competis\/3TCS\/Run%203TCS.tcx\" rel=\"nofollow noopener\" target=\"_blank\">Track carrera a pie<\/a><\/p>\n","protected":false},"excerpt":{"rendered":"<p>El pr\u00f3ximo domingo 16 de junio en la poblaci\u00f3n de Pe\u00f1\u00edscola se disputara el primer triatl\u00f3n de media distancia de la provincia de Castell\u00f3n, y es por eso que des de triatletasenred.com os ofrecemos la previa de lo que os encontrareis en este magnifico evento. La prueba contar\u00e1 con Miquel Blanchart, actual campe\u00f3n de Espa\u00f1a [&hellip;]<\/p>\n","protected":false},"author":6,"featured_media":10012,"comment_status":"open","ping_status":"open","sticky":false,"template":"","format":"standard","meta":{"_acf_changed":false,"rank_math_lock_modified_date":false,"footnotes":""},"categories":[17,19],"tags":[546,24,525],"class_list":{"0":"post-12892","1":"post","2":"type-post","3":"status-publish","4":"format-standard","5":"has-post-thumbnail","7":"category-actualidad","8":"category-competiciones","9":"tag-3tcs","10":"tag-triatlon","11":"tag-triatlon-media-distancia"},"acf":[],"_links":{"self":[{"href":"https:\/\/miurltemporal.com/main/triatletasenred.sport.es\/wp-json\/wp\/v2\/posts\/12892"}],"collection":[{"href":"https:\/\/miurltemporal.com/main/triatletasenred.sport.es\/wp-json\/wp\/v2\/posts"}],"about":[{"href":"https:\/\/miurltemporal.com/main/triatletasenred.sport.es\/wp-json\/wp\/v2\/types\/post"}],"author":[{"embeddable":true,"href":"https:\/\/miurltemporal.com/main/triatletasenred.sport.es\/wp-json\/wp\/v2\/users\/6"}],"replies":[{"embeddable":true,"href":"https:\/\/miurltemporal.com/main/triatletasenred.sport.es\/wp-json\/wp\/v2\/comments?post=12892"}],"version-history":[{"count":0,"href":"https:\/\/miurltemporal.com/main/triatletasenred.sport.es\/wp-json\/wp\/v2\/posts\/12892\/revisions"}],"wp:featuredmedia":[{"embeddable":true,"href":"https:\/\/miurltemporal.com/main/triatletasenred.sport.es\/wp-json\/wp\/v2\/media\/10012"}],"wp:attachment":[{"href":"https:\/\/miurltemporal.com/main/triatletasenred.sport.es\/wp-json\/wp\/v2\/media?parent=12892"}],"wp:term":[{"taxonomy":"category","embeddable":true,"href":"https:\/\/miurltemporal.com/main/triatletasenred.sport.es\/wp-json\/wp\/v2\/categories?post=12892"},{"taxonomy":"post_tag","embeddable":true,"href":"https:\/\/miurltemporal.com/main/triatletasenred.sport.es\/wp-json\/wp\/v2\/tags?post=12892"}],"curies":[{"name":"wp","href":"https:\/\/api.w.org\/{rel}","templated":true}]}}