{"id":12311,"date":"2013-05-14T04:01:09","date_gmt":"2013-05-14T04:01:09","guid":{"rendered":"http:\/\/triatletasenred.com\/?p=12311"},"modified":"2013-05-22T04:29:29","modified_gmt":"2013-05-22T04:29:29","slug":"v-triathlon-trail-les-medes-montgri-2013-unica-triathlon-por-etapas","status":"publish","type":"post","link":"https:\/\/miurltemporal.com/main/triatletasenred.sport.es\/actualidad\/v-triathlon-trail-les-medes-montgri-2013-unica-triathlon-por-etapas\/","title":{"rendered":"V triathlon trail les Medes-Montgr\u00ed 2013 \u00fanica triathlon por etapas"},"content":{"rendered":"<h5 style=\"text-align: justify;\">La V edici\u00f3n de la Triathlon Trail Las Medas-Montgr\u00ed se disputa el 9 de junio en un enclave natural espectacular. La zona de l&#8217;Emporda-Estartit re\u00fanir\u00e0 a m\u00e1s de 300 participantes una prueba consolidada en el calendario de tri de monta\u00f1a<\/h5>\n<p style=\"text-align: justify;\">Esta particular triatl\u00f3n se estructura por etapas, totalmente una independiente una de la otra y en la que al final se suman los tiempos.<\/p>\n<p style=\"text-align: justify;\">Existen diferentes modalidades de participacion , un total de 7:<\/p>\n<ul style=\"text-align: justify;\">\n<li><span style=\"font-size: 13px; line-height: 19px;\">1 \u00a0modalidad: swim , btt o run<\/span><\/li>\n<li><span style=\"font-size: 13px; line-height: 19px;\">2 modalidades: aquathl\u00f3n o duathlon<\/span><\/li>\n<li><span style=\"font-size: 13px; line-height: 19px;\">3 modalidades: triathlon individual o por equipos<\/span><\/li>\n<\/ul>\n<p style=\"text-align: justify;\">La prueba se desarrolla dentro de dos parques naturales: Parque Natural de las Islas Medes i Parque Natural del Montgr\u00ed. En unos parajes dif\u00edciles de encontrar y que no os van a dejar idiferentes.<\/p>\n<p style=\"text-align: justify;\">Como novedad a destacar en esta edici\u00f3n, decir que la prueba nataci\u00f3n de \u00a0este a\u00f1o ser\u00e0 lineal y se dar\u00e1 la salida des de las Illes Medes. Los participantes se trasladar\u00e1n en barco y podran nadar en un enclave espectacular.<\/p>\n<p style=\"text-align: justify;\">Las distancias a recorrer ser\u00e1n: 1.8km swim, 24 km bike i 13 km run, un desaf\u00edo para los m\u00e1s valientes.<\/p>\n<p style=\"text-align: justify;\">Para m\u00e1s informacion e inscripciones: <a href=\"http:\/\/www.diversport.es\" target=\"_blank\" rel=\"nofollow noopener\">www.diversport.es<\/a><\/p>\n<p style=\"text-align: center;\"><img fetchpriority=\"high\" decoding=\"async\" class=\"aligncenter\" alt=\"\" src=\"https:\/\/dl.dropboxusercontent.com\/u\/3879676\/triATLETAS\/imatges\/colaboradores\/diversport\/IMATGE%20copia.jpg\" width=\"269\" height=\"377\" \/><\/p>\n","protected":false},"excerpt":{"rendered":"<p>La V edici\u00f3n de la Triathlon Trail Las Medas-Montgr\u00ed se disputa el 9 de junio en un enclave natural espectacular. La zona de l&#8217;Emporda-Estartit re\u00fanir\u00e0 a m\u00e1s de 300 participantes una prueba consolidada en el calendario de tri de monta\u00f1a Esta particular triatl\u00f3n se estructura por etapas, totalmente una independiente una de la otra y [&hellip;]<\/p>\n","protected":false},"author":6,"featured_media":12320,"comment_status":"open","ping_status":"open","sticky":false,"template":"","format":"standard","meta":{"_acf_changed":false,"rank_math_lock_modified_date":false,"footnotes":""},"categories":[17,19],"tags":[685,102,24,684],"class_list":{"0":"post-12311","1":"post","2":"type-post","3":"status-publish","4":"format-standard","5":"has-post-thumbnail","7":"category-actualidad","8":"category-competiciones","9":"tag-medes-montgri","10":"tag-trail","11":"tag-triatlon","12":"tag-triatlon-trail"},"acf":[],"_links":{"self":[{"href":"https:\/\/miurltemporal.com/main/triatletasenred.sport.es\/wp-json\/wp\/v2\/posts\/12311"}],"collection":[{"href":"https:\/\/miurltemporal.com/main/triatletasenred.sport.es\/wp-json\/wp\/v2\/posts"}],"about":[{"href":"https:\/\/miurltemporal.com/main/triatletasenred.sport.es\/wp-json\/wp\/v2\/types\/post"}],"author":[{"embeddable":true,"href":"https:\/\/miurltemporal.com/main/triatletasenred.sport.es\/wp-json\/wp\/v2\/users\/6"}],"replies":[{"embeddable":true,"href":"https:\/\/miurltemporal.com/main/triatletasenred.sport.es\/wp-json\/wp\/v2\/comments?post=12311"}],"version-history":[{"count":0,"href":"https:\/\/miurltemporal.com/main/triatletasenred.sport.es\/wp-json\/wp\/v2\/posts\/12311\/revisions"}],"wp:featuredmedia":[{"embeddable":true,"href":"https:\/\/miurltemporal.com/main/triatletasenred.sport.es\/wp-json\/wp\/v2\/media\/12320"}],"wp:attachment":[{"href":"https:\/\/miurltemporal.com/main/triatletasenred.sport.es\/wp-json\/wp\/v2\/media?parent=12311"}],"wp:term":[{"taxonomy":"category","embeddable":true,"href":"https:\/\/miurltemporal.com/main/triatletasenred.sport.es\/wp-json\/wp\/v2\/categories?post=12311"},{"taxonomy":"post_tag","embeddable":true,"href":"https:\/\/miurltemporal.com/main/triatletasenred.sport.es\/wp-json\/wp\/v2\/tags?post=12311"}],"curies":[{"name":"wp","href":"https:\/\/api.w.org\/{rel}","templated":true}]}}