{"id":12282,"date":"2013-05-13T04:00:46","date_gmt":"2013-05-13T04:00:46","guid":{"rendered":"http:\/\/triatletasenred.com\/?p=12282"},"modified":"2013-05-13T05:50:46","modified_gmt":"2013-05-13T05:50:46","slug":"la-4a-edicion-de-la-cursa-pont-del-diable-exito-de-particiapacion-femenina","status":"publish","type":"post","link":"https:\/\/miurltemporal.com/main/triatletasenred.sport.es\/actualidad\/la-4a-edicion-de-la-cursa-pont-del-diable-exito-de-particiapacion-femenina\/","title":{"rendered":"La 4a edici\u00f3n de la Cursa Pont Del Diable, \u00e9xito de participaci\u00f3n femenina"},"content":{"rendered":"<div title=\"Page 1\">\n<h5 style=\"text-align: justify;\">La carrera que fusiona Running, Cultura e Historia ha sido ganada por Roger Serrano y Anahi Herrera en los 10k, en total 460 Gladiadores se han dado cita en la cursa<\/h5>\n<p style=\"text-align: justify;\">Ayer Domingo 12 de Mayo se ha celebrado la cuarta edici\u00f3n, un a\u00f1o m\u00e1s esta prueba se disputa en un entorno privilegiado marcado por la presencia del gran monumento romano.<\/p>\n<p>El ganador fue Roger Serrano del CA RunnersWorld TGN (Campe\u00f3n de Espa\u00f1a en Duatl\u00f3n Cross) con un tiempo de 39:07 que se impuso en este recorrido de 10k por delante de Victor Gonzalez CE Trail Tarraco y Javier Martinez del Triatl\u00f3 Tarragona quienes completaron el podio.<\/p>\n<p>Serrano y Gonzalez impusieron su ritmo desde el principio y se impuso el primero en el km 7 cuando marco un ritmo intractable y llego destacdo a la recta final.<\/p>\n<p>En categoria femenina la primera fue Anahi Herrera (independiente) mientras que la segunda fue Cinta Golorons (independiente) y complet\u00f3 el podium Ana Fern\u00e1ndez del CA RunnersWord TGN.<\/p>\n<p>La salida de la competici\u00f3n tuvo lugar a las 10h delante del local de los Casterllers de Sant Pere i Sant Pau, entidad co \u2013 organizadora de la cita que levanto un pilar de 4 par conmemorar el evento.<\/p>\n<p>La carrera transcurri\u00f3 por la Rambla de Sant Perey despu\u00e9s se dirigi\u00f3 a los alrededores del Pont del Diable, marcado por el terrerno monta\u00f1oso.<\/p>\n<p>Un d\u00eda soleado marco la jornada de trail running. Los corredores tuvieron servicio de:<\/p>\n<div>\n<ul>\n<li>Guardarropa<\/li>\n<li>Duchas<\/li>\n<li>Control por Chip<\/li>\n<li>Avituallamiento Liquido y Solido (Botifarrada) Fotos gratuitas de meta y cursa (Pont del Diable)<\/li>\n<\/ul>\n<div>\n<div>\n<p><strong>M\u00e1s informaci\u00f3n en<\/strong><\/p>\n<p><a href=\"http:\/\/www.cursapontdeldiable.com \" target=\"_blank\" rel=\"nofollow\">www.cursapontdeldiable.com <\/a><\/p>\n<\/div>\n<\/div>\n<div title=\"Page 1\">\n<div>\n<div>\n<p style=\"text-align: justify;\"><a href=\"http:\/\/www.runningsolutions.es \" target=\"_blank\" rel=\"nofollow\">www.runningsolutions.es <\/a><\/p>\n<\/div>\n<\/div>\n<\/div>\n<\/div>\n<\/div>\n","protected":false},"excerpt":{"rendered":"<p>La carrera que fusiona Running, Cultura e Historia ha sido ganada por Roger Serrano y Anahi Herrera en los 10k, en total 460 Gladiadores se han dado cita en la cursa Ayer Domingo 12 de Mayo se ha celebrado la cuarta edici\u00f3n, un a\u00f1o m\u00e1s esta prueba se disputa en un entorno privilegiado marcado por [&hellip;]<\/p>\n","protected":false},"author":6,"featured_media":12283,"comment_status":"open","ping_status":"open","sticky":false,"template":"","format":"standard","meta":{"_acf_changed":false,"rank_math_lock_modified_date":false,"footnotes":""},"categories":[17,19],"tags":[138,421],"class_list":{"0":"post-12282","1":"post","2":"type-post","3":"status-publish","4":"format-standard","5":"has-post-thumbnail","7":"category-actualidad","8":"category-competiciones","9":"tag-running","10":"tag-running-solutions"},"acf":[],"_links":{"self":[{"href":"https:\/\/miurltemporal.com/main/triatletasenred.sport.es\/wp-json\/wp\/v2\/posts\/12282"}],"collection":[{"href":"https:\/\/miurltemporal.com/main/triatletasenred.sport.es\/wp-json\/wp\/v2\/posts"}],"about":[{"href":"https:\/\/miurltemporal.com/main/triatletasenred.sport.es\/wp-json\/wp\/v2\/types\/post"}],"author":[{"embeddable":true,"href":"https:\/\/miurltemporal.com/main/triatletasenred.sport.es\/wp-json\/wp\/v2\/users\/6"}],"replies":[{"embeddable":true,"href":"https:\/\/miurltemporal.com/main/triatletasenred.sport.es\/wp-json\/wp\/v2\/comments?post=12282"}],"version-history":[{"count":0,"href":"https:\/\/miurltemporal.com/main/triatletasenred.sport.es\/wp-json\/wp\/v2\/posts\/12282\/revisions"}],"wp:featuredmedia":[{"embeddable":true,"href":"https:\/\/miurltemporal.com/main/triatletasenred.sport.es\/wp-json\/wp\/v2\/media\/12283"}],"wp:attachment":[{"href":"https:\/\/miurltemporal.com/main/triatletasenred.sport.es\/wp-json\/wp\/v2\/media?parent=12282"}],"wp:term":[{"taxonomy":"category","embeddable":true,"href":"https:\/\/miurltemporal.com/main/triatletasenred.sport.es\/wp-json\/wp\/v2\/categories?post=12282"},{"taxonomy":"post_tag","embeddable":true,"href":"https:\/\/miurltemporal.com/main/triatletasenred.sport.es\/wp-json\/wp\/v2\/tags?post=12282"}],"curies":[{"name":"wp","href":"https:\/\/api.w.org\/{rel}","templated":true}]}}