{"id":12134,"date":"2013-05-13T04:06:38","date_gmt":"2013-05-13T04:06:38","guid":{"rendered":"http:\/\/triatletasenred.com\/?p=12134"},"modified":"2016-05-05T14:38:39","modified_gmt":"2016-05-05T12:38:39","slug":"especialchallengebcn-entrevista-a-agusti-perez-director-de-carrera-de-half-challenge-barcelona","status":"publish","type":"post","link":"https:\/\/miurltemporal.com/main/triatletasenred.sport.es\/entrevistas-triatlon\/especialchallengebcn-entrevista-a-agusti-perez-director-de-carrera-de-half-challenge-barcelona\/","title":{"rendered":"#EspecialChallengeBCN entrevista a Agust\u00ed P\u00e9rez, director de carrera de Half Challenge Barcelona"},"content":{"rendered":"<h5 style=\"text-align: justify;\">Estamos en la recta final para asaltar una de las pruebas m\u00e1s esperadas del panorama triatl\u00e9tico nacional e internacional. El Half Challenge Barcelona, que, como sab\u00e9is ser\u00e1 tambi\u00e9n prueba del campeonato de Europa de Media Distancia Dentro del #EspecialChallengeBCN QUE INICIAMOS HOY, entrevistamos a su director de carrera, Agust\u00ed P\u00e9rez, para calentar motores y conocer de primera mano las novedades de \u00faltima hora<\/h5>\n<p style=\"text-align: justify;\"><img fetchpriority=\"high\" decoding=\"async\" class=\"alignright\" alt=\"\" src=\"https:\/\/dl.dropbox.com\/u\/3879676\/triATLETAS\/imatges\/competis\/half%20calella\/agus2012.jpg\" width=\"215\" height=\"307\" \/>Agust\u00ed, hace unos meses nos comentabas la agilidad en el ritmo de inscripciones y la buena aceptaci\u00f3n por parte de los deportistas de la nueva propuesta de Half Challenge Barcelona. \u00bfCu\u00e1les son los n\u00fameros definitivos, una vez cerradas inscripciones? \u00bfQu\u00e9 valoraci\u00f3n haceis desde la organizaci\u00f3n de estos datos?<\/p>\n<p style=\"text-align: justify;\"><em><strong>Desde Challenge Barcelona estamos contentos del numero de participantes al final hemos llegado justos a los 2000 participantes, record absoluto de inscritos aunque por debajo de nuestras previsiones, somos conscientes que la crisis econ\u00f3mica afecta y mucho, la subida de impuestos sobre las inscripciones del 8% al 21% nos ha hecho un da\u00f1o terrible, la organizaci\u00f3n tiene que subir inscripciones y gana lo mismo y encima recibe las criticas de los triatletas, el sistema es claramente injusto para todas las partes.<\/strong><\/em><\/p>\n<p style=\"text-align: justify;\"><em><strong>Tambien valorar que gracias al Europeo hemos conseguido que el Half este en un 50% de Espa\u00f1oles y un 50% de Extranjeros, equilibrio casi perfecto, otro dato a resaltar es las 260 inscritas en categor\u00eda femenina, la evoluci\u00f3n es positiva.<\/strong><\/em><\/p>\n<p style=\"text-align: justify;\">Est\u00e1 claro que la presencia de dos \u201cmonstruos\u201d como nuestro Gomez Noya y <b><i>Chris Mcckormack\u00a0<\/i><\/b> \u201cMacca\u201d han sido dos bombas medi\u00e1ticas importantes. \u00bf Ha sido muy dif\u00edcil reunir a estas primeras espadas?<\/p>\n<p style=\"text-align: justify;\"><em><strong>La verdad es que ha sido tambi\u00e9n un reto y hay que agradecer la predisposici\u00f3n de los dos, en especial la de Javi, que ha hecho suyo el reto y simplemente ha valorado la importancia de querer estar en el mejor evento de media distancia de Espa\u00f1a con alicientes comoe Europeo, Macca, Circuitos, 2000 triatletas\u2026por encima de la consideraci\u00f3n econ\u00f3mica y Macca hemos tenido la suerte de que Challenge lo ha hecho embajador durante 10 a\u00f1os de la franquicia y eso ha facilitado que un mito como el este participando, creemos que el mundo del triatl\u00f3n mundial estar\u00e0 pendiente del Half Challenge.<\/strong><\/em><\/p>\n<p style=\"text-align: justify;\"><img decoding=\"async\" class=\"alignleft\" alt=\"\" src=\"https:\/\/dl.dropboxusercontent.com\/u\/3879676\/triATLETAS\/imatges\/competis\/half%20calella\/D3S_1085.jpg\" width=\"214\" height=\"322\" \/>\u00bfC\u00f3mo ves la presencia de los \u00e9lite en esta competici\u00f3n? \u00bfDestacas otros nombres propios con opciones a subir al podio de Calella?<\/p>\n<p style=\"text-align: justify;\"><em><strong>La verdad que el plantel \u00e9lite es important\u00edsimo en categor\u00eda Masculina los daneses Martin Jensen y Jens Toft ser\u00e1n peligros\u00edsimos, tambi\u00e9n el brit\u00e1nico Ritchie Nichols capaz de correr como los mejores de World Series, o el gran Joerie Vansteelant al cual el circuito ciclista le favorece y se presume una gran remontada.. en Categoria Femenina incre\u00edble el Palmares la favorita ser\u00e1 sin duda la danesa Camilla Pedersen, Eimear Mullan en gran estado de forma y la debutante en la distancia Ricarda Lisk, ofrecer\u00e1n una gran carrera, destacar que se re\u00fanen 3 ganadoras de Half y Challenge como son Pedersen, Ledesma y Booman, seguro que ser\u00e1 una carrera muy disputada.<\/strong><\/em><\/p>\n<p style=\"text-align: justify;\">Una de las apuestas de Challenge ha sido, y es, mejorar las inscripciones entre las f\u00e9minas y animarlas a participar de la distancia.\u00a0 \u00bfSigue siendo una asignatura pendiente?<\/p>\n<p style=\"text-align: justify;\"><em><strong>La verdad que a\u00fan tenemos que hacer acciones para aumentar su participaci\u00f3n, aunque este a\u00f1o pasamos de la barrera de las 250 triatletas que sin duda es una participaci\u00f3n muy importante, poco a poco la mujer que tambi\u00e9n rinde en deportes de resistencia se ira sumando a participar en nuestras carreras, tenemos que seguir trabajando para ello.<\/strong><\/em><\/p>\n<p style=\"text-align: justify;\">Nos gustar\u00eda aprovechar tu posici\u00f3n de director de carrera para que dieras unos \u00faltimos consejos a esos m\u00e1s de 2000 triatletas que colgaran el dorsal Challenge Barcelona el domingo.<\/p>\n<p style=\"text-align: justify;\"><em><strong>Principalmente estos d\u00edas a ser posible una prospecci\u00f3n del circuito de ciclismo seria ideal, la aclimataci\u00f3n a los productos que ofreceremos de Nutrisport, repaso de todo el material de competici\u00f3n, asimismo que vengan a Calella con suficiente antelaci\u00f3n y disfruten de la EXPO, de la Pasta Party y que se alojen en Calella m\u00ednimo el s\u00e1bado para ir mas descansados a la carrera y visualizar todo, a partir de aqu\u00ed solo disfrutar del evento, poco mas\u2026Tambien aprovechando que el lunes ser\u00e1 festivo se queden a la gran fiesta final que se hara justo terminar la entrega de trofeos, sin duda les sorprender\u00e0!!<\/strong><\/em><\/p>\n<p style=\"text-align: justify;\"><em><strong><img decoding=\"async\" class=\"alignright\" alt=\"\" src=\"https:\/\/dl.dropboxusercontent.com\/u\/3879676\/triATLETAS\/imatges\/competis\/half%20calella\/Half%20Challenge%20Barcelona_3.jpg\" width=\"269\" height=\"179\" \/>Despues que una vez hayan terminado el Half Challenge Barcelona 2013 hablen de su experiencia personal, condici\u00f3n indispensable para que mejoremos a\u00f1o a a\u00f1o.<\/strong><\/em><\/p>\n<p style=\"text-align: justify;\">No queremos despedirnos sin hacer menci\u00f3n a toda esa gente que, de forma altruista, ayudan en el desarrollo de las pruebas, y, especialmente importantes en eventos de la categor\u00eda del que viviremos este fin de semana. \u00bfQu\u00e9 mensaje querr\u00edas dejar a los voluntarios de Challenge Barcelona?<\/p>\n<p style=\"text-align: justify;\"><em><strong>Sin duda son el alma de nuestras pruebas y ya est\u00e1n esperando a que el evento llegue para dar todo el cari\u00f1o a los protagonistas que son los triatletas, para ellos como no mi mas sentido agradecimiento, sin ellos esta fiesta del triatl\u00f3n no seria lo mismo.<\/strong><\/em><\/p>\n<a class=\"vc_btn vc_btn-red vc_btn-sm vc_btn_square \" href=\"https:\/\/twitter.com\/search\/realtime?q=%23EspecialChallengeBCN&#038;src=typd\" rel=\"nofollow noopener\" target=\"_blank\"> #EspecialChallengeBCN<\/a>\n<p><a class=\"vc_btn vc_btn-red vc_btn-sm vc_btn_square \" href=\"http:\/\/www.challenge-barcelona.es\/es\" rel=\"nofollow noopener\" target=\"_blank\">Web Oficial<\/a><br \/>\n<a class=\"vc_btn vc_btn-red vc_btn-sm vc_btn_square \" href=\"http:\/\/twitter.com\/challenge_bcn\" rel=\"nofollow noopener\" target=\"_blank\">@challenge_bcn<\/a><br \/>\n<a class=\"vc_btn vc_btn-red vc_btn-sm vc_btn_square \" href=\"http:\/\/www.facebook.com\/pages\/Challenge-Costa-de-Barcelona-Maresme\/181505775748\" rel=\"nofollow noopener\" target=\"_blank\">facebook<\/a><\/p>\n","protected":false},"excerpt":{"rendered":"<p>Estamos en la recta final para asaltar una de las pruebas m\u00e1s esperadas del panorama triatl\u00e9tico nacional e internacional. El Half Challenge Barcelona, que, como sab\u00e9is ser\u00e1 tambi\u00e9n prueba del campeonato de Europa de Media Distancia Dentro del #EspecialChallengeBCN QUE INICIAMOS HOY, entrevistamos a su director de carrera, Agust\u00ed P\u00e9rez, para calentar motores y conocer [&hellip;]<\/p>\n","protected":false},"author":6,"featured_media":9115,"comment_status":"open","ping_status":"open","sticky":false,"template":"","format":"standard","meta":{"_acf_changed":false,"rank_math_lock_modified_date":false,"footnotes":""},"categories":[17,10],"tags":[369,24,525],"class_list":{"0":"post-12134","1":"post","2":"type-post","3":"status-publish","4":"format-standard","5":"has-post-thumbnail","7":"category-actualidad","8":"category-entrevistas-triatlon","9":"tag-challenge-barcelona-maresme","10":"tag-triatlon","11":"tag-triatlon-media-distancia"},"acf":[],"_links":{"self":[{"href":"https:\/\/miurltemporal.com/main/triatletasenred.sport.es\/wp-json\/wp\/v2\/posts\/12134"}],"collection":[{"href":"https:\/\/miurltemporal.com/main/triatletasenred.sport.es\/wp-json\/wp\/v2\/posts"}],"about":[{"href":"https:\/\/miurltemporal.com/main/triatletasenred.sport.es\/wp-json\/wp\/v2\/types\/post"}],"author":[{"embeddable":true,"href":"https:\/\/miurltemporal.com/main/triatletasenred.sport.es\/wp-json\/wp\/v2\/users\/6"}],"replies":[{"embeddable":true,"href":"https:\/\/miurltemporal.com/main/triatletasenred.sport.es\/wp-json\/wp\/v2\/comments?post=12134"}],"version-history":[{"count":0,"href":"https:\/\/miurltemporal.com/main/triatletasenred.sport.es\/wp-json\/wp\/v2\/posts\/12134\/revisions"}],"wp:featuredmedia":[{"embeddable":true,"href":"https:\/\/miurltemporal.com/main/triatletasenred.sport.es\/wp-json\/wp\/v2\/media\/9115"}],"wp:attachment":[{"href":"https:\/\/miurltemporal.com/main/triatletasenred.sport.es\/wp-json\/wp\/v2\/media?parent=12134"}],"wp:term":[{"taxonomy":"category","embeddable":true,"href":"https:\/\/miurltemporal.com/main/triatletasenred.sport.es\/wp-json\/wp\/v2\/categories?post=12134"},{"taxonomy":"post_tag","embeddable":true,"href":"https:\/\/miurltemporal.com/main/triatletasenred.sport.es\/wp-json\/wp\/v2\/tags?post=12134"}],"curies":[{"name":"wp","href":"https:\/\/api.w.org\/{rel}","templated":true}]}}