{"id":11585,"date":"2013-06-20T04:20:05","date_gmt":"2013-06-20T04:20:05","guid":{"rendered":"http:\/\/triatletasenred.com\/?p=11585"},"modified":"2016-02-26T16:54:40","modified_gmt":"2016-02-26T14:54:40","slug":"el-xterra-berga-presenta-un-triatlon-de-montana-con-un-perfil-muy-atractivo","status":"publish","type":"post","link":"https:\/\/miurltemporal.com/main/triatletasenred.sport.es\/actualidad\/el-xterra-berga-presenta-un-triatlon-de-montana-con-un-perfil-muy-atractivo\/","title":{"rendered":"Cuenta atr\u00e1s para XTERRA BERGA."},"content":{"rendered":"<h5 style=\"text-align: justify;\">Llega a Berga la edici\u00f3n 2013 del XTERRA. Una prueba tan dura como espectacular a nivel de paisajes y entorno. Esto es lo que se van a encontrar los participantes.<\/h5>\n<p style=\"text-align: justify;\">Despu\u00e9s de nadar 1,5km en el Pantano de la Baells, los atletas iniciar\u00e1n la transici\u00f3n al tramo de bicicleta de monta\u00f1a. Con una subida continuada con tramos duros al final de 14km que sigue con una bajada r\u00e1pida por trialeras y con puntos t\u00e9cnicos de 12km, para completar un total de 26km que devolver\u00e1n a los participantes al coraz\u00f3n de Berga para hacer la transici\u00f3n a la carrera a pie. El tramo de la carrera de monta\u00f1a de 10km combina unas primeras rampas duras con una subida fant\u00e1stica por el bosque que nos llevar\u00e1 hasta Santa Mar\u00eda de Queralt, a partir de aqu\u00ed bajada vertical y tramos t\u00e9cnicos para llegar r\u00e1pidamente a la recta final del circuito.<\/p>\n<p style=\"text-align: justify;\">El perfil del triatl\u00f3n XTERRA hace que los especialistas que veremos en la prueba combinen la capacidad de no perder mucho tiempo en el tramo de nataci\u00f3n con una gran habilidad en MTB y carrera de monta\u00f1a. Entre otros nombres, estaremos atentos al favorito de la prueba y Campe\u00f3n del Mundo XTERRA en 2008, Rub\u00e9n Ruzafa, y a especialistas como Agust\u00ed Roc, Xavier Torrades, Cristian Cofin\u00e9, y como no a Merc\u00e8 Tusell actual campeona de Espa\u00f1a de triatl\u00f3n cross.<\/p>\n<p style=\"text-align: center;\"><img fetchpriority=\"high\" decoding=\"async\" class=\"aligncenter\" alt=\"\" src=\"https:\/\/dl.dropboxusercontent.com\/u\/3879676\/triATLETAS\/imatges\/competis\/xterra\/Perfil%20Xterra%20Berga.jpg\" width=\"614\" height=\"298\" \/><\/p>\n<p><strong>M\u00e1s informaci\u00f3n en<\/strong><\/p>\n<p><a class=\"vc_btn vc_btn-red vc_btn-sm vc_btn_square \" href=\"http:\/\/www.xterraberga.com\" rel=\"nofollow noopener\" target=\"_blank\">Web Oficial<\/a><br \/>\n<a class=\"vc_btn vc_btn-red vc_btn-sm vc_btn_square \" href=\"http:\/\/www.facebook.com\/XterraBerga\" rel=\"nofollow noopener\" target=\"_blank\">facebook<\/a><br \/>\n<a class=\"vc_btn vc_btn-red vc_btn-sm vc_btn_square \" href=\"http:\/\/twitter.com\/xterraberga\" rel=\"nofollow noopener\" target=\"_blank\">@xterraberga<\/a><\/p>\n","protected":false},"excerpt":{"rendered":"<p>Llega a Berga la edici\u00f3n 2013 del XTERRA. Una prueba tan dura como espectacular a nivel de paisajes y entorno. Esto es lo que se van a encontrar los participantes. Despu\u00e9s de nadar 1,5km en el Pantano de la Baells, los atletas iniciar\u00e1n la transici\u00f3n al tramo de bicicleta de monta\u00f1a. Con una subida continuada [&hellip;]<\/p>\n","protected":false},"author":6,"featured_media":9843,"comment_status":"closed","ping_status":"open","sticky":false,"template":"","format":"standard","meta":{"_acf_changed":false,"rank_math_lock_modified_date":false,"footnotes":""},"categories":[17,19],"tags":[24,2022,538],"class_list":{"0":"post-11585","1":"post","2":"type-post","3":"status-publish","4":"format-standard","5":"has-post-thumbnail","7":"category-actualidad","8":"category-competiciones","9":"tag-triatlon","10":"tag-xterra","11":"tag-xterra-berga"},"acf":[],"_links":{"self":[{"href":"https:\/\/miurltemporal.com/main/triatletasenred.sport.es\/wp-json\/wp\/v2\/posts\/11585"}],"collection":[{"href":"https:\/\/miurltemporal.com/main/triatletasenred.sport.es\/wp-json\/wp\/v2\/posts"}],"about":[{"href":"https:\/\/miurltemporal.com/main/triatletasenred.sport.es\/wp-json\/wp\/v2\/types\/post"}],"author":[{"embeddable":true,"href":"https:\/\/miurltemporal.com/main/triatletasenred.sport.es\/wp-json\/wp\/v2\/users\/6"}],"replies":[{"embeddable":true,"href":"https:\/\/miurltemporal.com/main/triatletasenred.sport.es\/wp-json\/wp\/v2\/comments?post=11585"}],"version-history":[{"count":0,"href":"https:\/\/miurltemporal.com/main/triatletasenred.sport.es\/wp-json\/wp\/v2\/posts\/11585\/revisions"}],"wp:featuredmedia":[{"embeddable":true,"href":"https:\/\/miurltemporal.com/main/triatletasenred.sport.es\/wp-json\/wp\/v2\/media\/9843"}],"wp:attachment":[{"href":"https:\/\/miurltemporal.com/main/triatletasenred.sport.es\/wp-json\/wp\/v2\/media?parent=11585"}],"wp:term":[{"taxonomy":"category","embeddable":true,"href":"https:\/\/miurltemporal.com/main/triatletasenred.sport.es\/wp-json\/wp\/v2\/categories?post=11585"},{"taxonomy":"post_tag","embeddable":true,"href":"https:\/\/miurltemporal.com/main/triatletasenred.sport.es\/wp-json\/wp\/v2\/tags?post=11585"}],"curies":[{"name":"wp","href":"https:\/\/api.w.org\/{rel}","templated":true}]}}