{"id":103236,"date":"2026-09-06T22:24:58","date_gmt":"2026-09-06T20:24:58","guid":{"rendered":"https:\/\/miurltemporal.com/main/triatletasenred.sport.es\/?p=103236"},"modified":"2026-09-06T22:24:58","modified_gmt":"2026-09-06T20:24:58","slug":"cassandre-beaugrand-y-matt-hauser-vencen-en-la-gran-final-de-la-supertri-de-jersey","status":"publish","type":"post","link":"https:\/\/miurltemporal.com/main/triatletasenred.sport.es\/portada\/cassandre-beaugrand-y-matt-hauser-vencen-en-la-gran-final-de-la-supertri-de-jersey\/","title":{"rendered":"Cassandre Beaugrand y Matt Hauser vencen en la gran final de la Supertri de Jersey"},"content":{"rendered":"<p>El prestigioso circuito de la Supertri ten\u00eda como parada final la ya <strong>tradicional sede de Jersey<\/strong>, en la que el formato de triple triatl\u00f3n consecutivo era el elegido para la \u00faltima cita.<\/p>\n<p><a href=\"https:\/\/www.inverseteams.com\/es\/?srsltid=AfmBOopcdN5zEVSQJD3fkV4Je_gbxU0qOyVuAnS_htxK60krBL72wKdR\" rel=\"nofollow noopener\" target=\"_blank\"><img fetchpriority=\"high\" decoding=\"async\" src=\"https:\/\/miurltemporal.com/main/triatletasenred.sport.es\/wp-content\/uploads\/banner-INVERSE-TRIATLON-TRIATLETAS-EN-RED-1.jpg\" alt=\"\" width=\"700\" height=\"150\" class=\"aligncenter size-full wp-image-92965\" srcset=\"https:\/\/miurltemporal.com/main/triatletasenred.sport.es\/wp-content\/uploads\/banner-INVERSE-TRIATLON-TRIATLETAS-EN-RED-1.jpg 700w, https:\/\/miurltemporal.com/main/triatletasenred.sport.es\/wp-content\/uploads\/banner-INVERSE-TRIATLON-TRIATLETAS-EN-RED-1-300x64.jpg 300w, https:\/\/miurltemporal.com/main/triatletasenred.sport.es\/wp-content\/uploads\/banner-INVERSE-TRIATLON-TRIATLETAS-EN-RED-1-696x150.jpg 696w\" sizes=\"(max-width: 700px) 100vw, 700px\" \/><\/a><\/p>\n<p><strong>CATEGOR\u00cdA FEMENINA<\/strong><\/p>\n<p>En categor\u00eda femenina, desde los primeros compases se ve\u00eda que claramente las de mayor nivel internacional ser\u00edan las que pelear\u00edan por el triunfo. Aun as\u00ed, la emoci\u00f3n se mantuvo hasta el final, incluso con un percance de <strong>Jeanne Lehair<\/strong> con el casco, que tuvo que correr con \u00e9l en la mano una de las vueltas del \u00faltimo segmento de carrera. <\/p>\n<p>Finalmente, Beaugrand se hac\u00eda con la victoria pese a las complicaciones t\u00e9cnicas que tuvo en el exigente y ratonero circuito ciclista. La segunda plaza fue para la brit\u00e1nica <strong>Georgia Taylor-Brown<\/strong> y el bronce para la de Luxemburgo, <strong>Jeanne Lehair<\/strong>.<\/p>\n<p><strong>CATEGOR\u00cdA MASCULINA<\/strong><\/p>\n<p>En categor\u00eda masculina ocurr\u00eda m\u00e1s de lo mismo, con los de mayor nivel y\u00e9ndose ya desde el primer triatl\u00f3n. Aun as\u00ed, la carrera tuvo de todo: cadena rota para <strong>Alex Yee, Hayden Wilde<\/strong> estando en carrera en todo momento y una batalla final digna de espect\u00e1culo puro de la <strong>Supertri<\/strong>. <\/p>\n<p><img decoding=\"async\" src=\"https:\/\/miurltemporal.com/main/triatletasenred.sport.es\/wp-content\/uploads\/IMG-20260906-WA0010.jpg\" alt=\"\" width=\"980\" height=\"1460\" class=\"aligncenter size-full wp-image-103238\" srcset=\"https:\/\/miurltemporal.com/main/triatletasenred.sport.es\/wp-content\/uploads\/IMG-20260906-WA0010.jpg 980w, https:\/\/miurltemporal.com/main/triatletasenred.sport.es\/wp-content\/uploads\/IMG-20260906-WA0010-201x300.jpg 201w, https:\/\/miurltemporal.com/main/triatletasenred.sport.es\/wp-content\/uploads\/IMG-20260906-WA0010-687x1024.jpg 687w, https:\/\/miurltemporal.com/main/triatletasenred.sport.es\/wp-content\/uploads\/IMG-20260906-WA0010-768x1144.jpg 768w, https:\/\/miurltemporal.com/main/triatletasenred.sport.es\/wp-content\/uploads\/IMG-20260906-WA0010-282x420.jpg 282w, https:\/\/miurltemporal.com/main/triatletasenred.sport.es\/wp-content\/uploads\/IMG-20260906-WA0010-696x1037.jpg 696w\" sizes=\"(max-width: 980px) 100vw, 980px\" \/><\/p>\n<p>La \u00faltima carrera a pie ser\u00eda decisiva, aunque Hauser domin\u00f3 una vez m\u00e1s, esta vez incluso sobre el neozeland\u00e9s <strong>Hayden Wilde<\/strong>, que gan\u00f3 la plata. El podio lo completaba el joven <strong>Kolkman<\/strong>.<\/p>\n<p><iframe title=\"ZONE3 Vanquish &amp; ZONE3 Aspire \u00bfVale la pena REALMENTE un neopreno tope de gama?\" width=\"696\" height=\"392\" src=\"https:\/\/www.youtube.com\/embed\/3EzoETz80KE?feature=oembed\" frameborder=\"0\" allow=\"accelerometer; autoplay; clipboard-write; encrypted-media; gyroscope; picture-in-picture; web-share\" referrerpolicy=\"strict-origin-when-cross-origin\" allowfullscreen><\/iframe><\/p>\n","protected":false},"excerpt":{"rendered":"<p>El prestigioso circuito de la Supertri ten\u00eda como parada final la ya tradicional sede de Jersey, en la que el formato de triple triatl\u00f3n consecutivo era el elegido para la \u00faltima cita.<\/p>\n","protected":false},"author":359,"featured_media":103237,"comment_status":"closed","ping_status":"open","sticky":false,"template":"","format":"standard","meta":{"_acf_changed":false,"rank_math_lock_modified_date":false,"footnotes":""},"categories":[17,10639],"tags":[],"class_list":{"0":"post-103236","1":"post","2":"type-post","3":"status-publish","4":"format-standard","5":"has-post-thumbnail","7":"category-actualidad","8":"category-portada"},"acf":[],"_links":{"self":[{"href":"https:\/\/miurltemporal.com/main/triatletasenred.sport.es\/wp-json\/wp\/v2\/posts\/103236"}],"collection":[{"href":"https:\/\/miurltemporal.com/main/triatletasenred.sport.es\/wp-json\/wp\/v2\/posts"}],"about":[{"href":"https:\/\/miurltemporal.com/main/triatletasenred.sport.es\/wp-json\/wp\/v2\/types\/post"}],"author":[{"embeddable":true,"href":"https:\/\/miurltemporal.com/main/triatletasenred.sport.es\/wp-json\/wp\/v2\/users\/359"}],"replies":[{"embeddable":true,"href":"https:\/\/miurltemporal.com/main/triatletasenred.sport.es\/wp-json\/wp\/v2\/comments?post=103236"}],"version-history":[{"count":3,"href":"https:\/\/miurltemporal.com/main/triatletasenred.sport.es\/wp-json\/wp\/v2\/posts\/103236\/revisions"}],"predecessor-version":[{"id":103241,"href":"https:\/\/miurltemporal.com/main/triatletasenred.sport.es\/wp-json\/wp\/v2\/posts\/103236\/revisions\/103241"}],"wp:featuredmedia":[{"embeddable":true,"href":"https:\/\/miurltemporal.com/main/triatletasenred.sport.es\/wp-json\/wp\/v2\/media\/103237"}],"wp:attachment":[{"href":"https:\/\/miurltemporal.com/main/triatletasenred.sport.es\/wp-json\/wp\/v2\/media?parent=103236"}],"wp:term":[{"taxonomy":"category","embeddable":true,"href":"https:\/\/miurltemporal.com/main/triatletasenred.sport.es\/wp-json\/wp\/v2\/categories?post=103236"},{"taxonomy":"post_tag","embeddable":true,"href":"https:\/\/miurltemporal.com/main/triatletasenred.sport.es\/wp-json\/wp\/v2\/tags?post=103236"}],"curies":[{"name":"wp","href":"https:\/\/api.w.org\/{rel}","templated":true}]}}