{"id":103223,"date":"2026-09-06T10:25:44","date_gmt":"2026-09-06T08:25:44","guid":{"rendered":"https:\/\/miurltemporal.com/main/triatletasenred.sport.es\/?p=103223"},"modified":"2026-09-06T10:54:06","modified_gmt":"2026-09-06T08:54:06","slug":"diego-mentrida-y-maria-alzaga-reinan-en-palmaces","status":"publish","type":"post","link":"https:\/\/miurltemporal.com/main/triatletasenred.sport.es\/portada\/diego-mentrida-y-maria-alzaga-reinan-en-palmaces\/","title":{"rendered":"Diego M\u00e9ntrida y Mar\u00eda Alzaga reinan en P\u00e1lmaces"},"content":{"rendered":"<p>La competici\u00f3n arranc\u00f3, como es habitual, con una <strong>salida masiva<\/strong> que integraba las categor\u00edas masculina y femenina.<\/p>\n<p><a href=\"https:\/\/www.inverseteams.com\/es\/?srsltid=AfmBOopcdN5zEVSQJD3fkV4Je_gbxU0qOyVuAnS_htxK60krBL72wKdR\" rel=\"nofollow noopener\" target=\"_blank\"><img fetchpriority=\"high\" decoding=\"async\" class=\"aligncenter size-full wp-image-92965\" src=\"https:\/\/miurltemporal.com/main/triatletasenred.sport.es\/wp-content\/uploads\/banner-INVERSE-TRIATLON-TRIATLETAS-EN-RED-1.jpg\" alt=\"\" width=\"700\" height=\"150\" srcset=\"https:\/\/miurltemporal.com/main/triatletasenred.sport.es\/wp-content\/uploads\/banner-INVERSE-TRIATLON-TRIATLETAS-EN-RED-1.jpg 700w, https:\/\/miurltemporal.com/main/triatletasenred.sport.es\/wp-content\/uploads\/banner-INVERSE-TRIATLON-TRIATLETAS-EN-RED-1-300x64.jpg 300w, https:\/\/miurltemporal.com/main/triatletasenred.sport.es\/wp-content\/uploads\/banner-INVERSE-TRIATLON-TRIATLETAS-EN-RED-1-696x150.jpg 696w\" sizes=\"(max-width: 700px) 100vw, 700px\" \/><\/a><\/p>\n<p>En el segmento de nataci\u00f3n, <strong>Julen Andueza<\/strong> firm\u00f3 el mejor parcial, incluso por delante del excelente nadador <strong>Adri\u00e1n Mart\u00ednez<\/strong>. <strong>Mar\u00eda Alzaga<\/strong> fue la primera mujer en completar el agua.<\/p>\n<h4><strong>DOMINIO CICLISTA Y VICTORIA MASCULINA<\/strong><\/h4>\n<p>En el sector ciclista, <strong>Diego M\u00e9ntrida <\/strong>construy\u00f3 una ventaja s\u00f3lida desde los primeros kil\u00f3metros y lleg\u00f3 al la T2 con m\u00e1s de dos minutos de margen.<\/p>\n<p>Sin embargo, <strong>Julen Andueza<\/strong> realiz\u00f3 una primera mitad de carrera a pie acerc\u00e1ndose peligrosamente: recort\u00f3 m\u00e1s de minuto y medio, pero no logr\u00f3 cerrar la brecha. M\u00e9ntrida se impuso finalmente en su vuelta a la competici\u00f3n, con Andueza segundo y <strong>Roger Many\u00e1<\/strong> cerrando el podio masculino tras otra remontada triunfal.<\/p>\n<p><img decoding=\"async\" class=\"aligncenter size-full wp-image-103225\" src=\"https:\/\/miurltemporal.com/main/triatletasenred.sport.es\/wp-content\/uploads\/IMG-20260906-WA0001.jpg\" alt=\"\" width=\"1088\" height=\"1388\" srcset=\"https:\/\/miurltemporal.com/main/triatletasenred.sport.es\/wp-content\/uploads\/IMG-20260906-WA0001.jpg 1088w, https:\/\/miurltemporal.com/main/triatletasenred.sport.es\/wp-content\/uploads\/IMG-20260906-WA0001-235x300.jpg 235w, https:\/\/miurltemporal.com/main/triatletasenred.sport.es\/wp-content\/uploads\/IMG-20260906-WA0001-803x1024.jpg 803w, https:\/\/miurltemporal.com/main/triatletasenred.sport.es\/wp-content\/uploads\/IMG-20260906-WA0001-768x980.jpg 768w, https:\/\/miurltemporal.com/main/triatletasenred.sport.es\/wp-content\/uploads\/IMG-20260906-WA0001-329x420.jpg 329w, https:\/\/miurltemporal.com/main/triatletasenred.sport.es\/wp-content\/uploads\/IMG-20260906-WA0001-696x888.jpg 696w, https:\/\/miurltemporal.com/main/triatletasenred.sport.es\/wp-content\/uploads\/IMG-20260906-WA0001-1068x1362.jpg 1068w\" sizes=\"(max-width: 1088px) 100vw, 1088px\" \/><\/p>\n<h4><strong>EXHIBICI\u00d3N EN SOLITARIO DE ALZAGA Y PODIO FEMENINO<\/strong><\/h4>\n<p>En categor\u00eda femenina, <strong>Mar\u00eda Alzaga<\/strong> protagoniz\u00f3 una exhibici\u00f3n en solitario durante toda la prueba y logr\u00f3 una victoria aplastante.<\/p>\n<p><strong>Anna Noguera<\/strong> asegur\u00f3 la plata manteni\u00e9ndose segunda desde los primeros compases. El bronce se decidi\u00f3 en la carrera a pie entre <strong>Patricia Bueno y Eneritz Urrutia,<\/strong> compa\u00f1eras de equipo que bajaron juntas a correr; finalmente, <strong>Patricia Bueno<\/strong> se hizo con el tercer puesto gracias a un tramo final demoledor.<\/p>\n<p><iframe title=\"Lo de Saleta Castro y Montraveta en EMBRUN | IM Kalmar | Sara P\u00e9rez en T100 | EMED\u00c9 Valladolid\" width=\"696\" height=\"392\" src=\"https:\/\/www.youtube.com\/embed\/3WlOMNEvX-U?feature=oembed\" frameborder=\"0\" allow=\"accelerometer; autoplay; clipboard-write; encrypted-media; gyroscope; picture-in-picture; web-share\" referrerpolicy=\"strict-origin-when-cross-origin\" allowfullscreen><\/iframe><\/p>\n","protected":false},"excerpt":{"rendered":"<p>La m\u00edtica carrera de Palmaces ha podido regresar al calendario tras tener que ser aplazada el pasado mes de julio por los incendios de Guadalajara.<\/p>\n","protected":false},"author":361,"featured_media":103224,"comment_status":"closed","ping_status":"open","sticky":false,"template":"","format":"standard","meta":{"_acf_changed":false,"rank_math_lock_modified_date":false,"footnotes":""},"categories":[17,10639],"tags":[8417,11165,12270,12269],"class_list":{"0":"post-103223","1":"post","2":"type-post","3":"status-publish","4":"format-standard","5":"has-post-thumbnail","7":"category-actualidad","8":"category-portada","9":"tag-diego-mentrida","10":"tag-julen-andueza","11":"tag-maria-alzaga","12":"tag-triatlon-de-palmaces"},"acf":[],"_links":{"self":[{"href":"https:\/\/miurltemporal.com/main/triatletasenred.sport.es\/wp-json\/wp\/v2\/posts\/103223"}],"collection":[{"href":"https:\/\/miurltemporal.com/main/triatletasenred.sport.es\/wp-json\/wp\/v2\/posts"}],"about":[{"href":"https:\/\/miurltemporal.com/main/triatletasenred.sport.es\/wp-json\/wp\/v2\/types\/post"}],"author":[{"embeddable":true,"href":"https:\/\/miurltemporal.com/main/triatletasenred.sport.es\/wp-json\/wp\/v2\/users\/361"}],"replies":[{"embeddable":true,"href":"https:\/\/miurltemporal.com/main/triatletasenred.sport.es\/wp-json\/wp\/v2\/comments?post=103223"}],"version-history":[{"count":5,"href":"https:\/\/miurltemporal.com/main/triatletasenred.sport.es\/wp-json\/wp\/v2\/posts\/103223\/revisions"}],"predecessor-version":[{"id":103231,"href":"https:\/\/miurltemporal.com/main/triatletasenred.sport.es\/wp-json\/wp\/v2\/posts\/103223\/revisions\/103231"}],"wp:featuredmedia":[{"embeddable":true,"href":"https:\/\/miurltemporal.com/main/triatletasenred.sport.es\/wp-json\/wp\/v2\/media\/103224"}],"wp:attachment":[{"href":"https:\/\/miurltemporal.com/main/triatletasenred.sport.es\/wp-json\/wp\/v2\/media?parent=103223"}],"wp:term":[{"taxonomy":"category","embeddable":true,"href":"https:\/\/miurltemporal.com/main/triatletasenred.sport.es\/wp-json\/wp\/v2\/categories?post=103223"},{"taxonomy":"post_tag","embeddable":true,"href":"https:\/\/miurltemporal.com/main/triatletasenred.sport.es\/wp-json\/wp\/v2\/tags?post=103223"}],"curies":[{"name":"wp","href":"https:\/\/api.w.org\/{rel}","templated":true}]}}