{"id":103219,"date":"2026-09-05T20:33:13","date_gmt":"2026-09-05T18:33:13","guid":{"rendered":"https:\/\/miurltemporal.com/main/triatletasenred.sport.es\/?p=103219"},"modified":"2026-09-05T20:33:13","modified_gmt":"2026-09-05T18:33:13","slug":"jonathan-brownlee-se-retira-y-pone-fin-a-una-de-las-grandes-eras-del-triatlon","status":"publish","type":"post","link":"https:\/\/miurltemporal.com/main/triatletasenred.sport.es\/portada\/jonathan-brownlee-se-retira-y-pone-fin-a-una-de-las-grandes-eras-del-triatlon\/","title":{"rendered":"Jonathan Brownlee se retira y pone fin a una de las grandes eras del triatl\u00f3n"},"content":{"rendered":"<p><strong>Jonathan Brownlee<\/strong> ha anunciado oficialmente <strong>su retirada del triatl\u00f3n profesional<\/strong>. El brit\u00e1nico, uno de los nombres m\u00e1s importantes de la historia de las Series Mundiales y del triatl\u00f3n ol\u00edmpico, pone punto final a una carrera extraordinaria marcada por <strong>tres medallas ol\u00edmpicas<\/strong> y m\u00e1s de una d\u00e9cada compitiendo al m\u00e1ximo nivel.<\/p>\n<p><a href=\"https:\/\/www.inverseteams.com\/es\/?srsltid=AfmBOopcdN5zEVSQJD3fkV4Je_gbxU0qOyVuAnS_htxK60krBL72wKdR\" rel=\"nofollow noopener\" target=\"_blank\"><img fetchpriority=\"high\" decoding=\"async\" src=\"https:\/\/miurltemporal.com/main/triatletasenred.sport.es\/wp-content\/uploads\/banner-INVERSE-TRIATLON-TRIATLETAS-EN-RED-1.jpg\" alt=\"\" width=\"700\" height=\"150\" class=\"aligncenter size-full wp-image-92965\" srcset=\"https:\/\/miurltemporal.com/main/triatletasenred.sport.es\/wp-content\/uploads\/banner-INVERSE-TRIATLON-TRIATLETAS-EN-RED-1.jpg 700w, https:\/\/miurltemporal.com/main/triatletasenred.sport.es\/wp-content\/uploads\/banner-INVERSE-TRIATLON-TRIATLETAS-EN-RED-1-300x64.jpg 300w, https:\/\/miurltemporal.com/main/triatletasenred.sport.es\/wp-content\/uploads\/banner-INVERSE-TRIATLON-TRIATLETAS-EN-RED-1-696x150.jpg 696w\" sizes=\"(max-width: 700px) 100vw, 700px\" \/><\/a><\/p>\n<p>El anuncio se produjo durante la final de las <strong>Supertri Pro Series en Jersey<\/strong>, una prueba en la que Brownlee esperaba despedirse compitiendo, aunque una lesi\u00f3n que arrastraba desde hac\u00eda semanas le impidi\u00f3 tomar la salida, por lo que as\u00ed se cierra la trayectoria profesional de <strong>uno de los grandes referentes del triatl\u00f3n<\/strong> moderno.<\/p>\n<p><strong>UN PALMAR\u00c9S AL ALCANCE DE MUY POCOS<\/strong><\/p>\n<p>Jonathan Brownlee deja la competici\u00f3n con uno de los curr\u00edculums m\u00e1s completos que se recuerdan en el triatl\u00f3n de corta distancia, con un <strong>bronce ol\u00edmpico en Londres 2012, plata en R\u00edo 2016 y campe\u00f3n ol\u00edmpico del relevo mixto en Tokio 2020<\/strong>. A ello a\u00f1adi\u00f3 el t\u00edtulo mundial de triatl\u00f3n en 2012, dos campeonatos del mundo sprint y numerosos triunfos en las Series Mundiales.<\/p>\n<p>Entre 2010 y 2014 protagoniz\u00f3 una de las rachas m\u00e1s impresionantes de este deporte, <strong>subiendo al podio en las 42 carreras consecutivas que disput\u00f3<\/strong>.<\/p>\n<p>M\u00e1s all\u00e1 de los resultados, Brownlee fue uno de los atletas que ayud\u00f3 a transformar el triatl\u00f3n en el Reino Unido y a darle una enorme proyecci\u00f3n internacional.<\/p>\n<p><strong>LA HISTORIA DE LOS BROWNLEE<\/strong><\/p>\n<p>Hablar de Jonathan es hablar inevitablemente de <strong>su hermano Alistair<\/strong>, ya que juntos formaron una de las parejas m\u00e1s reconocibles de la historia del triatl\u00f3n. Durante m\u00e1s de una d\u00e9cada <strong>protagonizaron algunos de los duelos m\u00e1s recordados del circuito mundial<\/strong> y fueron una referencia para toda una generaci\u00f3n de triatletas.<\/p>\n<p>Los hermanos tambi\u00e9n trasladaron su pasi\u00f3n por el deporte fuera de la competici\u00f3n y en 2014 crearon la <strong>Brownlee Foundation,<\/strong> un proyecto que ha acercado el triatl\u00f3n a decenas de miles de ni\u00f1os y j\u00f3venes.<\/p>\n<p>En su despedida, Jonathan quiso agradecer el apoyo recibido durante toda su carrera y tuvo palabras especialmente emotivas para Alistair, al que reconoci\u00f3 como <strong>una de las personas que m\u00e1s le ayud\u00f3 a creer <\/strong>que pod\u00eda llegar a lo m\u00e1s alto.<\/p>\n<p><strong>UNA RETIRADA MEDITADA<\/strong><\/p>\n<p>A sus 36 a\u00f1os, Brownlee reconoci\u00f3 que no es f\u00e1cil dejar la competici\u00f3n profesional, pero explic\u00f3 que <strong>su cuerpo ya no le permite seguir persiguiendo el nivel que siempre se exigi\u00f3<\/strong> as\u00ed como tambi\u00e9n admiti\u00f3 que su familia pesa ahora mucho m\u00e1s en sus decisiones y que quiere <strong>dedicar m\u00e1s tiempo a su mujer y a su hijo<\/strong>, aunque la retirada no significa, sin embargo, alejarse del triatl\u00f3n.<\/p>\n<p><strong>SU NUEVO RETO CON SUPERTRI<\/strong><\/p>\n<p>Jonathan Brownlee seguir\u00e1 vinculado al deporte de la mano de Supertri ya que el brit\u00e1nico participar\u00e1 en <strong>el lanzamiento de Supertri Enduro,<\/strong> un nuevo formato pensado para triatletas de <strong>grupos de edad<\/strong>.<\/p>\n<p>La propuesta consistir\u00e1 en completar <strong>tres triatlones sprint consecutivos durante una misma jornada<\/strong>, trasladando parte del espect\u00e1culo del formato profesional de Supertri al p\u00fablico amateur.<\/p>\n<p>Brownlee continuar\u00e1 entrenando y participando en retos deportivos, aunque ya <strong>sin la presi\u00f3n de competir como profesional<\/strong> en una nueva etapa en la que seguir\u00e1 ligado a un deporte al que ha dedicado pr\u00e1cticamente toda su vida.<\/p>\n<p><strong>EL FINAL DE UNA ERA<\/strong><\/p>\n<p>Con la retirada de Jonathan Brownlee se cierra definitivamente <strong>uno de los cap\u00edtulos m\u00e1s importantes de la historia reciente del triatl\u00f3n.<\/strong> Alistair puso fin a su carrera profesional hace casi dos a\u00f1os y ahora Jonathan hace lo propio. Entre ambos cambiaron la forma de entender el triatl\u00f3n de corta distancia, elevaron el nivel competitivo y protagonizaron algunos de los momentos m\u00e1s memorables de este deporte.<\/p>\n<div class=\"youtube-embed\" data-video_id=\"3WlOMNEvX-U\"><iframe title=\"Lo de Saleta Castro y Montraveta en EMBRUN | IM Kalmar | Sara P\u00e9rez en T100 | EMED\u00c9 Valladolid\" width=\"696\" height=\"392\" src=\"https:\/\/www.youtube.com\/embed\/3WlOMNEvX-U?feature=oembed&#038;enablejsapi=1\" frameborder=\"0\" allow=\"accelerometer; autoplay; clipboard-write; encrypted-media; gyroscope; picture-in-picture; web-share\" referrerpolicy=\"strict-origin-when-cross-origin\" allowfullscreen><\/iframe><\/div>\n","protected":false},"excerpt":{"rendered":"<p>El anuncio se produjo durante la final de las Supertri Pro Series en Jersey, una prueba en la que Brownlee esperaba despedirse compitiendo, aunque una lesi\u00f3n se lo ha impedido.<\/p>\n","protected":false},"author":359,"featured_media":60444,"comment_status":"closed","ping_status":"open","sticky":false,"template":"","format":"standard","meta":{"_acf_changed":false,"rank_math_lock_modified_date":false,"footnotes":""},"categories":[17,10639],"tags":[],"class_list":{"0":"post-103219","1":"post","2":"type-post","3":"status-publish","4":"format-standard","5":"has-post-thumbnail","7":"category-actualidad","8":"category-portada"},"acf":[],"_links":{"self":[{"href":"https:\/\/miurltemporal.com/main/triatletasenred.sport.es\/wp-json\/wp\/v2\/posts\/103219"}],"collection":[{"href":"https:\/\/miurltemporal.com/main/triatletasenred.sport.es\/wp-json\/wp\/v2\/posts"}],"about":[{"href":"https:\/\/miurltemporal.com/main/triatletasenred.sport.es\/wp-json\/wp\/v2\/types\/post"}],"author":[{"embeddable":true,"href":"https:\/\/miurltemporal.com/main/triatletasenred.sport.es\/wp-json\/wp\/v2\/users\/359"}],"replies":[{"embeddable":true,"href":"https:\/\/miurltemporal.com/main/triatletasenred.sport.es\/wp-json\/wp\/v2\/comments?post=103219"}],"version-history":[{"count":2,"href":"https:\/\/miurltemporal.com/main/triatletasenred.sport.es\/wp-json\/wp\/v2\/posts\/103219\/revisions"}],"predecessor-version":[{"id":103222,"href":"https:\/\/miurltemporal.com/main/triatletasenred.sport.es\/wp-json\/wp\/v2\/posts\/103219\/revisions\/103222"}],"wp:featuredmedia":[{"embeddable":true,"href":"https:\/\/miurltemporal.com/main/triatletasenred.sport.es\/wp-json\/wp\/v2\/media\/60444"}],"wp:attachment":[{"href":"https:\/\/miurltemporal.com/main/triatletasenred.sport.es\/wp-json\/wp\/v2\/media?parent=103219"}],"wp:term":[{"taxonomy":"category","embeddable":true,"href":"https:\/\/miurltemporal.com/main/triatletasenred.sport.es\/wp-json\/wp\/v2\/categories?post=103219"},{"taxonomy":"post_tag","embeddable":true,"href":"https:\/\/miurltemporal.com/main/triatletasenred.sport.es\/wp-json\/wp\/v2\/tags?post=103219"}],"curies":[{"name":"wp","href":"https:\/\/api.w.org\/{rel}","templated":true}]}}