{"id":103215,"date":"2026-09-04T18:03:57","date_gmt":"2026-09-04T16:03:57","guid":{"rendered":"https:\/\/miurltemporal.com/main/triatletasenred.sport.es\/?p=103215"},"modified":"2026-09-04T18:03:57","modified_gmt":"2026-09-04T16:03:57","slug":"infinitri-burriana-ya-tiene-fecha-para-2027-el-festival-que-reune-a-mas-de-1-000-triatletas-volvera-el-5-de-junio","status":"publish","type":"post","link":"https:\/\/miurltemporal.com/main/triatletasenred.sport.es\/actualidad\/infinitri-burriana-ya-tiene-fecha-para-2027-el-festival-que-reune-a-mas-de-1-000-triatletas-volvera-el-5-de-junio\/","title":{"rendered":"Infinitri Burriana ya tiene fecha para 2027: el festival que re\u00fane a m\u00e1s de 1.000 triatletas volver\u00e1 el 5 de junio"},"content":{"rendered":"<p>La sexta edici\u00f3n del Infinitri Burriana Triathlon Festival volver\u00e1 la primera semana de junio y regresa con despu\u00e9s de alcanzar en 2026 su r\u00e9cord hist\u00f3rico.<\/p>\n<p><a href=\"https:\/\/onelink.to\/pm5r59\" rel=\"nofollow noopener\" target=\"_blank\"><img fetchpriority=\"high\" decoding=\"async\" class=\"alignnone size-full wp-image-99911\" src=\"https:\/\/miurltemporal.com/main/triatletasenred.sport.es\/wp-content\/uploads\/Banner-Toteemi-post.gif\" alt=\"\" width=\"750\" height=\"150\" \/><\/a><\/p>\n<p>El <strong>Infinitri Burriana Triathlon Festival<\/strong> tendr\u00e1 lugar el pr\u00f3ximo<strong> 5 de junio<\/strong>, una fecha con la que el evento castellonense vuelve a apostar por una f\u00f3rmula que en los \u00faltimos a\u00f1os no ha dejado de crecer: competici\u00f3n, diferentes distancias y mucho ambiente alrededor de una jornada de triatl\u00f3n junto al Mediterr\u00e1neo,<\/p>\n<p>La que es una de las sedes m\u00e1s j\u00f3venes del calendario de eventos de la franquicia Infinitri Sports se ha consolidado en el panorama nacional como uno de los eventos triatl\u00e9ticos con mayor capacidad de convocatoria y el que proyecto que aterriz\u00f3 en la localidad castellonense en 2022 espera continuar ganando peso en 2027 tal y como ha hecho desde hace seis a\u00f1os.<\/p>\n<p>Con el <strong>r\u00e9cord de participaci\u00f3n de 2026<\/strong> como aliciente para seguir rompiendo un techo que entonces fij\u00f3 en <strong>m\u00e1s de 1.100 inscritos<\/strong> y un <strong>crecimiento<\/strong> que entonces se cuantific\u00f3 cercano al <strong>68%<\/strong> despu\u00e9s de saltar en un a\u00f1o de acoger a 655 triatletas a superar el millar, la organizaci\u00f3n busca y sue\u00f1a con elevar todav\u00eda m\u00e1s sus cifras respaldadas por un sello de calidad y oferta que se mantiene fiel a sus principios.<\/p>\n<h4><strong>CUATRO OPCIONES DE COMPETIR EN EL INIFNITRI BURRIANA<\/strong><\/h4>\n<p><span style=\"color: #222222; font-family: Verdana, BlinkMacSystemFont, -apple-system, 'Segoe UI', Roboto, Oxygen, Ubuntu, Cantarell, 'Open Sans', 'Helvetica Neue', sans-serif; font-size: 15px;\"><strong>Infinitri Burriana<\/strong> volver\u00e1 a ofrecer en 2027 cuatro distancias, desde la media distancia hasta formatos m\u00e1s accesibles para quienes buscan estrenarse en el triatl\u00f3n con las que la franquicia apuesta por un formato abierto a diferentes perfiles de deportista.<\/span><\/p>\n<p>Una temporada m\u00e1s, el <strong>Half<\/strong> con sus 1,9 kil\u00f3metros de nataci\u00f3n, 84 kil\u00f3metros de ciclismo y 21 kil\u00f3metros de carrera a pie se presenta como la prueba reina del fin de semana. Una opci\u00f3n a la que escoltar\u00e1n la modalidad <strong>Olympic+<\/strong>, que propone 1,5 kil\u00f3metros de nataci\u00f3n, 42 kil\u00f3metros sobre la bicicleta y 14 kil\u00f3metros de carrera a pie; el muy de moda <strong>Short<\/strong> con 1 kil\u00f3metro de nataci\u00f3n, 21 kil\u00f3metros de ciclismo y 7 kil\u00f3metros de carrera; y el <strong>Aquabike<\/strong> con sus 1,9 kil\u00f3metros de nataci\u00f3n y 84 kil\u00f3metros de ciclismo para aquellos que prefieran prescindir de la carrera a pie.<\/p>\n<h4><strong>UN RECORRIDO CON EL MEDITERR\u00c1NEO COMO PROTAGONISTA<\/strong><\/h4>\n<p>Si nada cambia para entonces, la <strong>Playa del Arenal<\/strong> volver\u00e1 a ser el epicentro de la competici\u00f3n. All\u00ed se desarrollar\u00e1 el segmento de nataci\u00f3n y se concentrar\u00e1 buena parte de la actividad del evento tanto previa como posterior a la competici\u00f3n donde la fiesta de la \u2018Village\u2019 tomar\u00e1 el protagonismo. Mientras que el segmento ciclista marcado su car\u00e1cter llano y r\u00e1pido transcurrir\u00e1 por las amplias <strong>v\u00edas de Burriana y por la CV-18<\/strong> y el entorno del <strong>Paratge Natural Municipal &#8216;Clot de la Mare de D\u00e9u&#8217;<\/strong> vivir\u00e1 parte de la carrera a pie.<\/p>\n<h4><strong>LA INFINITI VILLAGE DONDE SE VIVE LA FIESTA DEL TRIATL\u00d3N<\/strong><\/h4>\n<p><strong>Infinitri Burriana<\/strong> alcanzar\u00e1 su sexta edici\u00f3n en 2027 ya anuncia que lo har\u00e1 preservando otro de los grandes t\u00f3tems de su evento, su <strong><em>Infinitri Village<\/em><\/strong> que concentra la actividad alrededor de la meta y que, durante la jornada, combina gastronom\u00eda, m\u00fasica, recuperaci\u00f3n y diferentes actividades para participantes y acompa\u00f1antes dot\u00e1ndole del car\u00e1cter festivo que ya es famoso en el calendario de este \u2018mundillo\u2019 y que <strong>ha conquistado tanto al corredor local como al nacional como al internacional<\/strong>, pues estos dos \u00faltimos ya representan respectivamente al<strong> 63,5%<\/strong> (llegados desde fuera de la Comunitat Valenciana) y el <strong>8,3%<\/strong> lo hizo desde m\u00e1s all\u00e1 de la frontera espa\u00f1ola.<\/p>\n<h4><strong>LAS INSCRIPCIONES ABRIR\u00c1N EL 17 DE SEPTIEMBRE<\/strong><\/h4>\n<p>Los interesados en participar en la sexta edici\u00f3n no tendr\u00e1n que esperar demasiado. Las inscripciones para <a href=\"https:\/\/infinitri.es\/burriana\/\" rel=\"nofollow noopener\" target=\"_blank\"><strong>Infinitri Burriana 2027<\/strong> <\/a>se abrir\u00e1n el <strong>jueves 17 de septiembre de 2026<\/strong> a las <strong>18:00 horas<\/strong>. Asimismo, la <strong>fecha de cierre<\/strong> est\u00e1 prevista para el <strong>14 de mayo de 2027<\/strong>, aunque esta podr\u00eda finalizar antes si se agotan las plazas.<\/p>\n<p>Adem\u00e1s, la organizaci\u00f3n ya ha publicado tambi\u00e9n los precios de salida: desde <strong>155 euros<\/strong> para el <strong>Half<\/strong>, <strong>135 euros<\/strong> para el <strong>Aquabike<\/strong> y <strong>79 euros<\/strong> para el <strong>Olympic+<\/strong>, mientras que el precio inicial del <strong>Short<\/strong> parte de <strong>45 euros<\/strong>.<\/p>\n<p><iframe title=\"As\u00ed vivimos INFINITRI 113  PEN\u0303ISCOLA 2026\" width=\"696\" height=\"392\" src=\"https:\/\/www.youtube.com\/embed\/Xq4g7vcfilc?feature=oembed\" frameborder=\"0\" allow=\"accelerometer; autoplay; clipboard-write; encrypted-media; gyroscope; picture-in-picture; web-share\" referrerpolicy=\"strict-origin-when-cross-origin\" allowfullscreen><\/iframe><\/p>\n","protected":false},"excerpt":{"rendered":"<p>La sexta edici\u00f3n del Infinitri Burriana Triathlon Festival volver\u00e1 la primera semana de junio y regresa con despu\u00e9s de alcanzar en 2026 su r\u00e9cord hist\u00f3rico. El Infinitri Burriana Triathlon Festival tendr\u00e1 lugar el pr\u00f3ximo 5 de junio, una fecha con la que el evento castellonense vuelve a apostar por una f\u00f3rmula que en los \u00faltimos [&hellip;]<\/p>\n","protected":false},"author":351,"featured_media":103216,"comment_status":"closed","ping_status":"open","sticky":false,"template":"","format":"standard","meta":{"_acf_changed":false,"rank_math_lock_modified_date":false,"footnotes":""},"categories":[17,19,1191],"tags":[9423],"class_list":{"0":"post-103215","1":"post","2":"type-post","3":"status-publish","4":"format-standard","5":"has-post-thumbnail","7":"category-actualidad","8":"category-competiciones","9":"category-triatlon","10":"tag-infinitri-burriana"},"acf":[],"_links":{"self":[{"href":"https:\/\/miurltemporal.com/main/triatletasenred.sport.es\/wp-json\/wp\/v2\/posts\/103215"}],"collection":[{"href":"https:\/\/miurltemporal.com/main/triatletasenred.sport.es\/wp-json\/wp\/v2\/posts"}],"about":[{"href":"https:\/\/miurltemporal.com/main/triatletasenred.sport.es\/wp-json\/wp\/v2\/types\/post"}],"author":[{"embeddable":true,"href":"https:\/\/miurltemporal.com/main/triatletasenred.sport.es\/wp-json\/wp\/v2\/users\/351"}],"replies":[{"embeddable":true,"href":"https:\/\/miurltemporal.com/main/triatletasenred.sport.es\/wp-json\/wp\/v2\/comments?post=103215"}],"version-history":[{"count":1,"href":"https:\/\/miurltemporal.com/main/triatletasenred.sport.es\/wp-json\/wp\/v2\/posts\/103215\/revisions"}],"predecessor-version":[{"id":103218,"href":"https:\/\/miurltemporal.com/main/triatletasenred.sport.es\/wp-json\/wp\/v2\/posts\/103215\/revisions\/103218"}],"wp:featuredmedia":[{"embeddable":true,"href":"https:\/\/miurltemporal.com/main/triatletasenred.sport.es\/wp-json\/wp\/v2\/media\/103216"}],"wp:attachment":[{"href":"https:\/\/miurltemporal.com/main/triatletasenred.sport.es\/wp-json\/wp\/v2\/media?parent=103215"}],"wp:term":[{"taxonomy":"category","embeddable":true,"href":"https:\/\/miurltemporal.com/main/triatletasenred.sport.es\/wp-json\/wp\/v2\/categories?post=103215"},{"taxonomy":"post_tag","embeddable":true,"href":"https:\/\/miurltemporal.com/main/triatletasenred.sport.es\/wp-json\/wp\/v2\/tags?post=103215"}],"curies":[{"name":"wp","href":"https:\/\/api.w.org\/{rel}","templated":true}]}}