{"id":103200,"date":"2026-09-04T10:59:34","date_gmt":"2026-09-04T08:59:34","guid":{"rendered":"https:\/\/miurltemporal.com/main/triatletasenred.sport.es\/?p=103200"},"modified":"2026-09-04T11:10:01","modified_gmt":"2026-09-04T09:10:01","slug":"taylor-knibb-del-mundial-de-niza-a-la-contrarreloj-del-mundial-de-ciclismo-en-solo-ocho-dias","status":"publish","type":"post","link":"https:\/\/miurltemporal.com/main/triatletasenred.sport.es\/portada\/taylor-knibb-del-mundial-de-niza-a-la-contrarreloj-del-mundial-de-ciclismo-en-solo-ocho-dias\/","title":{"rendered":"Taylor Knibb, del Mundial de Niza a la contrarreloj del Mundial de ciclismo en solo ocho d\u00edas"},"content":{"rendered":"<p><strong>Taylor Knibb <\/strong>contin\u00faa ampliando los l\u00edmites de una temporada que ya est\u00e1 siendo extraordinariamente exigente. La estadounidense ha sido <strong>seleccionada para representar a su pa\u00eds en la contrarreloj individual del Campeonato del Mundo de Ciclismo<\/strong> de la UCI, que se disputar\u00e1 el pr\u00f3ximo 20 de septiembre en Montreal.<\/p>\n<p><a href=\"https:\/\/www.inverseteams.com\/es\/?srsltid=AfmBOopcdN5zEVSQJD3fkV4Je_gbxU0qOyVuAnS_htxK60krBL72wKdR\" rel=\"nofollow noopener\" target=\"_blank\"><img fetchpriority=\"high\" decoding=\"async\" src=\"https:\/\/miurltemporal.com/main/triatletasenred.sport.es\/wp-content\/uploads\/banner-INVERSE-TRIATLON-TRIATLETAS-EN-RED-1.jpg\" alt=\"\" width=\"700\" height=\"150\" class=\"aligncenter size-full wp-image-92965\" srcset=\"https:\/\/miurltemporal.com/main/triatletasenred.sport.es\/wp-content\/uploads\/banner-INVERSE-TRIATLON-TRIATLETAS-EN-RED-1.jpg 700w, https:\/\/miurltemporal.com/main/triatletasenred.sport.es\/wp-content\/uploads\/banner-INVERSE-TRIATLON-TRIATLETAS-EN-RED-1-300x64.jpg 300w, https:\/\/miurltemporal.com/main/triatletasenred.sport.es\/wp-content\/uploads\/banner-INVERSE-TRIATLON-TRIATLETAS-EN-RED-1-696x150.jpg 696w\" sizes=\"(max-width: 700px) 100vw, 700px\" \/><\/a><\/p>\n<p>La cita llegar\u00e1 apenas ocho d\u00edas despu\u00e9s de su participaci\u00f3n en el <strong>Mundial Ironman 70.3 de Niza<\/strong>, convirtiendo las pr\u00f3ximas semanas en uno de los mayores desaf\u00edos de su calendario de 2026.<\/p>\n<p><strong>UNA TEMPORADA SIN L\u00cdMITES<\/strong><\/p>\n<p>Knibb comenz\u00f3 el a\u00f1o con la intenci\u00f3n de competir en tantos escenarios diferentes como fuera posible y est\u00e1 cumpliendo con creces ese prop\u00f3sito.<\/p>\n<p>Durante esta temporada ya ha pasado por diferentes formatos del triatl\u00f3n, incluyendo pruebas <strong>T100, Ironman 70.3, Ironman Full y Series Mundiales. <\/strong><\/p>\n<p>Ahora volver\u00e1 a centrarse exclusivamente en el ciclismo para afrontar una competici\u00f3n en la que tendr\u00e1 enfrente a las mejores especialistas del mundo.<\/p>\n<p>La estadounidense ya demostr\u00f3 este a\u00f1o que su nivel contra el reloj est\u00e1 a la altura de una cita mundialista <strong>ya que en junio conquist\u00f3 por segunda vez el Campeonato de Estados Unidos de contrarreloj.<\/strong><\/p>\n<p><strong>EXPERIENCIA OL\u00cdMPICA SOBRE LA BICICLETA<\/strong><\/p>\n<p>Montreal no supondr\u00e1 el primer gran campeonato ciclista para Knibb ya que en los <strong>Juegos Ol\u00edmpicos de Par\u00eds 2024<\/strong> ya particip\u00f3 en la contrarreloj individual con la selecci\u00f3n estadounidense.<\/p>\n<p>Aquella carrera estuvo marcada por unas condiciones complicadas y varias ca\u00eddas que terminaron condicionando su actuaci\u00f3n, terminando finalmente en la decimonovena posici\u00f3n.<\/p>\n<p>Ahora tendr\u00e1 una nueva oportunidad para comprobar hasta d\u00f3nde puede llegar frente a especialistas del ciclismo de carretera.<\/p>\n<p><strong>DE OCEANSIDE Y TEXAS A NIZA Y KONA<\/strong><\/p>\n<p>El calendario de Knibb ya era especialmente exigente antes de conocerse su convocatoria para el Mundial de ciclismo.<\/p>\n<p>La estadounidense comenz\u00f3 2026 con una victoria en las <strong>T100 de Gold Coast<\/strong> y posteriormente consigui\u00f3 el triunfo en el <strong>70.3 de Oceanside<\/strong> y poco despu\u00e9s termin\u00f3 segunda en <strong>IM Texas<\/strong>, resultados que le permitieron asegurarse su presencia tanto en el Mundial 70.3 como en el Campeonato del Mundo Ironman de Kona.<br \/>\n<strong><br \/>\nSOLO OCHO D\u00cdAS PARA CAMBIAR EL CHIP<\/strong><\/p>\n<p>El Mundial Ironman 70.3 se disputar\u00e1 <strong>el 12 de septiembre<\/strong>, mientras que la contrarreloj femenina del Mundial de ciclismo tendr\u00e1 lugar el <strong>20 de septiembre.<\/strong><\/p>\n<p>Entre ambas pruebas habr\u00e1 solamente ocho d\u00edas por lo qu reto ser\u00e1 especialmente importante teniendo en cuenta la exigencia de la prueba de Niza y el desplazamiento entre Europa y Canad\u00e1. Knibb tendr\u00e1 que gestionar perfectamente la recuperaci\u00f3n para poder llegar a Montreal en condiciones de competir por un resultado destacado.<\/p>\n<p>No ser\u00e1 \u00fanicamente una cuesti\u00f3n de piernas. Tambi\u00e9n tendr\u00e1 que afrontar un cambio completo de disciplina, entorno y preparaci\u00f3n en un espacio de tiempo muy reducido.<\/p>\n<p><strong>ESTADOS UNIDOS CONF\u00cdA EN SU POTENCIA<\/strong><\/p>\n<p>Knibb ser\u00e1 una de las representantes de Estados Unidos en la contrarreloj femenina junto a <strong>Kristen Faulkner,<\/strong> que tambi\u00e9n participar\u00e1 en la prueba en ruta.<\/p>\n<p>En el caso de Knibb, su presencia estar\u00e1 limitada a la <strong>prueba individual contarreloj<\/strong>, donde intentar\u00e1 mejorar el resultado conseguido en Par\u00eds y demostrar que puede competir tambi\u00e9n al m\u00e1ximo nivel fuera del triatl\u00f3n.<\/p>\n<p><strong>OTRO DESAF\u00cdO EN UN CALENDARIO DE LOCOS<\/strong><\/p>\n<p>La participaci\u00f3n en Montreal vuelve a confirmar la particular temporada que est\u00e1 protagonizando Knibb. La estadounidense est\u00e1 intentando abarcar pr\u00e1cticamente todos los grandes escenarios de resistencia, d<strong>esde las pruebas m\u00e1s cortas del triatl\u00f3n hasta Ironman, pasando ahora tambi\u00e9n por el Mundial de ciclismo.<\/strong><\/p>\n<p>Y todo ello sin perder de vista sus grandes objetivos de la temporada que son Niza y Kona. El pr\u00f3ximo 12 de septiembre comenzar\u00e1 el primero de esos grandes retos,apenas ocho d\u00edas despu\u00e9s, Knibb volver\u00e1 a ponerse un dorsal, esta vez sobre una bicicleta y con el objetivo de luchar por el arco\u00edris mundial, pero no hay que olvidar que unas 3 semanas despu\u00e9s le espera el Mundial Ironman en Hawaii.<\/p>\n<div class=\"youtube-embed\" data-video_id=\"3WlOMNEvX-U\"><iframe title=\"Lo de Saleta Castro y Montraveta en EMBRUN | IM Kalmar | Sara P\u00e9rez en T100 | EMED\u00c9 Valladolid\" width=\"696\" height=\"392\" src=\"https:\/\/www.youtube.com\/embed\/3WlOMNEvX-U?start=19&#038;feature=oembed\" frameborder=\"0\" allow=\"accelerometer; autoplay; clipboard-write; encrypted-media; gyroscope; picture-in-picture; web-share\" referrerpolicy=\"strict-origin-when-cross-origin\" allowfullscreen><\/iframe><\/div>\n","protected":false},"excerpt":{"rendered":"<p>La estadounidense ha sido seleccionada para representar a su pa\u00eds en la contrarreloj individual del Campeonato del Mundo de Ciclismo de la UCI, que se disputar\u00e1 el pr\u00f3ximo 20 de septiembre en Montreal.<\/p>\n","protected":false},"author":359,"featured_media":90882,"comment_status":"closed","ping_status":"open","sticky":false,"template":"","format":"standard","meta":{"_acf_changed":false,"rank_math_lock_modified_date":false,"footnotes":""},"categories":[17,10639],"tags":[],"class_list":{"0":"post-103200","1":"post","2":"type-post","3":"status-publish","4":"format-standard","5":"has-post-thumbnail","7":"category-actualidad","8":"category-portada"},"acf":[],"_links":{"self":[{"href":"https:\/\/miurltemporal.com/main/triatletasenred.sport.es\/wp-json\/wp\/v2\/posts\/103200"}],"collection":[{"href":"https:\/\/miurltemporal.com/main/triatletasenred.sport.es\/wp-json\/wp\/v2\/posts"}],"about":[{"href":"https:\/\/miurltemporal.com/main/triatletasenred.sport.es\/wp-json\/wp\/v2\/types\/post"}],"author":[{"embeddable":true,"href":"https:\/\/miurltemporal.com/main/triatletasenred.sport.es\/wp-json\/wp\/v2\/users\/359"}],"replies":[{"embeddable":true,"href":"https:\/\/miurltemporal.com/main/triatletasenred.sport.es\/wp-json\/wp\/v2\/comments?post=103200"}],"version-history":[{"count":2,"href":"https:\/\/miurltemporal.com/main/triatletasenred.sport.es\/wp-json\/wp\/v2\/posts\/103200\/revisions"}],"predecessor-version":[{"id":103202,"href":"https:\/\/miurltemporal.com/main/triatletasenred.sport.es\/wp-json\/wp\/v2\/posts\/103200\/revisions\/103202"}],"wp:featuredmedia":[{"embeddable":true,"href":"https:\/\/miurltemporal.com/main/triatletasenred.sport.es\/wp-json\/wp\/v2\/media\/90882"}],"wp:attachment":[{"href":"https:\/\/miurltemporal.com/main/triatletasenred.sport.es\/wp-json\/wp\/v2\/media?parent=103200"}],"wp:term":[{"taxonomy":"category","embeddable":true,"href":"https:\/\/miurltemporal.com/main/triatletasenred.sport.es\/wp-json\/wp\/v2\/categories?post=103200"},{"taxonomy":"post_tag","embeddable":true,"href":"https:\/\/miurltemporal.com/main/triatletasenred.sport.es\/wp-json\/wp\/v2\/tags?post=103200"}],"curies":[{"name":"wp","href":"https:\/\/api.w.org\/{rel}","templated":true}]}}