{"id":103197,"date":"2026-09-04T15:08:44","date_gmt":"2026-09-04T13:08:44","guid":{"rendered":"https:\/\/miurltemporal.com/main/triatletasenred.sport.es\/?p=103197"},"modified":"2026-09-04T15:08:44","modified_gmt":"2026-09-04T13:08:44","slug":"triatlon-de-palmaces-memoria-y-vida-entre-las-cenizas","status":"publish","type":"post","link":"https:\/\/miurltemporal.com/main/triatletasenred.sport.es\/actualidad\/triatlon-de-palmaces-memoria-y-vida-entre-las-cenizas\/","title":{"rendered":"Triatl\u00f3n de P\u00e1lmaces: memoria y vida entre las cenizas"},"content":{"rendered":"<p>Regresa al calendario Triatl\u00f3n P\u00e1lmaces un cl\u00e1sico del calendario cuya trig\u00e9simo primera edici\u00f3n renace tras enfrentarse y superar todo tipo de circunstancias adversas.<\/p>\n<p><a href=\"https:\/\/onelink.to\/pm5r59\" rel=\"nofollow noopener\" target=\"_blank\"><img fetchpriority=\"high\" decoding=\"async\" class=\"alignnone size-full wp-image-99911\" src=\"https:\/\/miurltemporal.com/main/triatletasenred.sport.es\/wp-content\/uploads\/Banner-Toteemi-post.gif\" alt=\"\" width=\"750\" height=\"150\" \/><\/a><\/p>\n<p>\u201c<em>Somos nuestra memoria, somos ese quim\u00e9rico museo de formas inconstantes, ese mont\u00f3n de espejos rotos<\/em>\u201d escribi\u00f3 Borges en el Elogio de la Sombra. Corr\u00eda el a\u00f1o 1969 y todav\u00eda estaba lejos cualquier atisbo de triatl\u00f3n en P\u00e1lmaces, pero probablemente la prueba arriacense pueda sentirse identificada.<\/p>\n<p>Suyas son tres d\u00e9cadas de historia, de evoluci\u00f3n de un deporte y una provincia que en los \u00faltimos meses ha vivido bajo la sombra de una bandada de cuervos sobre el cielo cuyos graznidos se convirtieron por primera vez en vuelo en picado hace un a\u00f1o cuando su existencia pereci\u00f3 para renacer antes de ser v\u00edctima de las garras de la muerte y del olvido carro\u00f1ero gracias de la mano rescatista de un escultor en forma de Ibarrola y el equipo de La Transici\u00f3n Podcast y una fecha marcada en rojo en el calendario, el 25 de julio.<\/p>\n<p>Desgraciadamente no fue el rojo pasi\u00f3n, el de la brazada, el pedaleo o la pisada el que aquel d\u00eda rein\u00f3 en la Serran\u00eda de Guadalajara, sino el del fulgor de la destrucci\u00f3n de un velo ardiente que arrasaba desde el 16 de julio la comarca, la provincia en lo que ya es el peor incendio en la historia de Castilla La Mancha.<\/p>\n<p>M\u00e1s de mes y medio ha transcurrido desde que las primeras llamas devorasen La Mierla y su r\u00e1pida propagaci\u00f3n le hiciese alcanzar el nivel 2 en menos de 24 horas, se solicitase la intervenci\u00f3n inmediata de la UME y se realizasen las primeras evacuaciones. El inicio de una tierra hecha infierno a la que todav\u00eda les restaba por vivir lo peor. El viento lleg\u00f3 para hacer de la situaci\u00f3n algo incontrolable y el terror se instalase en el alma y mente de cada uno de los habitantes de la zona que vieron como con el transcurso de los d\u00edas tuvieron que a<strong>bandonar sus casas, las de 34 municipios<\/strong>, sin saber si todo por lo que hab\u00edan luchado y vivido all\u00ed permanecer\u00edan intactas al regresar y los vecinos de otras <strong>14 localidades quedasen confinados<\/strong> con el \u2018ay\u2019 en el cuerpo siguiendo el minuto a minuto de <strong>una lengua de fuego calcinaba hasta 32.000 hect\u00e1reas de paraje natural<\/strong>.<\/p>\n<p>Se movilizaron hasta <strong>239 medios de extinci\u00f3n y direcci\u00f3n<\/strong> (terrestres, a\u00e9reos y de coordinaci\u00f3n) y <strong>oblig\u00f3 a trabajar a m\u00e1s de un millar de profesionales incansablemente durante 18 d\u00edas y noches para sofocar un fuego que no se pudo estabilizar hasta el 24 de julio<\/strong>. El sosiego, ligero, se asom\u00f3 dos d\u00edas despu\u00e9s con el regreso de los convecinos a sus hogares <strong>dos d\u00edas despu\u00e9s<\/strong> y la calma capciosa comenz\u00f3 a ser algo tangible el <strong>3 de agosto cuando las autoridades desescalaron a nivel cero de riesgo<\/strong> de un incendio en el cual que desde entonces se sigue trabajando mientras se sigue analizando cu\u00e1l es su origen o qu\u00e9 o qui\u00e9n lo provoc\u00f3. Pese a ello, aquello fue el inicio de una pesadilla y el comienzo de otra. <strong>La de la tiznada realidad presente y futura<\/strong>.<\/p>\n<p>Porque la vida despu\u00e9s de un incendio de esta magnitud es un abismo azabache en el que <strong>Caronte vestido de rojo se llev\u00f3 consigo la m\u00fasica de la mariposa, el lobo y el ganado; el terreno forestal se ha convertido un cementerio de esqueletos vegetales ennegrecidos, de parad\u00f3jico suelo humeante y piedra caliente; y extensi\u00f3n de carb\u00f3n y ceniza y olor met\u00e1lico gobernado por el silencio<\/strong>. El mutismo de una provincia de <strong>indeseada fotograf\u00eda acrom\u00e1tica<\/strong>, pero en cuyas mentes bulle fren\u00e9ticamente las voces que cuentan <strong>las p\u00e9rdidas econ\u00f3micas de la desaparici\u00f3n de pastos, cultivos y colmenas, pero tambi\u00e9n la de otros sectores cuyo horizonte se pinta de negro e incertidumbre<\/strong>. La de las ayudas, la de la reconstrucci\u00f3n, la de un porvenir ya de por si en el alambre en esa Espa\u00f1a vaciada y ahora tambi\u00e9n arrasada con espacio reducido para la esperanza cuya factura ambiental, econ\u00f3mica y psicol\u00f3gica todav\u00eda no pueden cuantificar objetivamente.<\/p>\n<p>Tambi\u00e9n la de un paisaje que a su vez retrata crudamente los efectos de las carencias, el hast\u00edo de un dispositivo antincendios de Castilla-La Mancha diezmado y mutilado a\u00f1o tras a\u00f1o por los recortes de la administraci\u00f3n. Unos tijeratazos de impacto directo y proporcionales a la desatenci\u00f3n del entorno natural fuera de la temporada estival.<\/p>\n<p>En una zona que cuenta por meses o a\u00f1os el tiempo para ver los verdaderos signos de recuperaci\u00f3n,<strong> la horda de deportistas y familiares desplazados a P\u00e1lmaces de Jadraque y sus alrededores es una min\u00fascula pero importante mota de color, un soplo de aire, que les acerca a la antigua activa cotidianidad que anhelan recuperar<\/strong>. Una acci\u00f3n que se alza entre las tinieblas que dej\u00f3 la nube de polvo gris en el aire ambiental y social.<\/p>\n<p>Cuando este s\u00e1bado <strong>5 de septiembre<\/strong> los participantes tomen la salida del <strong>Triatl\u00f3n de P\u00e1lmaces no solo ser\u00e1n parte de una prueba deportiva, sino de un algo m\u00e1s en el que lo menos relevante ser\u00e1 qui\u00e9nes crucen primer y primera la l\u00ednea de meta<\/strong>, <strong>sino hacerlo<\/strong>. Ser\u00e1n el resultado de la resiliencia de una organizaci\u00f3n y <strong>un pueblo \u2013 el guadalajare\u00f1o \u2013 que no se rindi\u00f3 ante ninguna circunstancia, ni la financiera ni la de la naturaleza cuando todo abocaba a ello<\/strong>. Un seguir hacia adelante haciendo propio aquello que lo que se interpone en el camino se convierte en el camino y el suyo colecciona formas, cristales y ahora tambi\u00e9n fuego en una memoria que se sigue abriendo paso pese a todo.<\/p>\n<p>Por eso, cuando recorran la zona este fin de semana y vean escritos los nombres de La Mierla, Semillas o Arroyo de las Fraguas entre otros comprender\u00e1n la dimensi\u00f3n de lo sucedido, tambi\u00e9n piensen que quiz\u00e1, alguno de los triatletas con los que compartan momento tuvo que huir de su hogar o tal vez fue parte de aquellos que extinguieron las llamas o quiz\u00e1 de ese negocio que sufre las secuelas y cuando se queden mirando los paisajes del\u00a0Parque Natural de la Sierra Norte y la Microrreserva Cerros Volc\u00e1nicos de La Mi\u00f1osa que hoy ya no son, pero esperan volver a ser, recuerden que tambi\u00e9n son parte implicada de ese ecosistema que le puede devolver una pizca de su existencia, pero tambi\u00e9n arrebat\u00e1rsela si no se es concienzudo con la protecci\u00f3n del medio ambiente en el que la sensatez con la que uno act\u00faa en el agua, sobre la bicicleta y en la carrera a pie tambi\u00e9n cuenta. Larga vida al Triatl\u00f3n de P\u00e1lmaces y al Parque Natural de la Sierra Norte de Guadalajara.<\/p>\n<p><iframe title=\"ZONE3 Vanquish &amp; ZONE3 Aspire \u00bfVale la pena REALMENTE un neopreno tope de gama?\" width=\"696\" height=\"392\" src=\"https:\/\/www.youtube.com\/embed\/3EzoETz80KE?feature=oembed\" frameborder=\"0\" allow=\"accelerometer; autoplay; clipboard-write; encrypted-media; gyroscope; picture-in-picture; web-share\" referrerpolicy=\"strict-origin-when-cross-origin\" allowfullscreen><\/iframe><\/p>\n","protected":false},"excerpt":{"rendered":"<p>Regresa al calendario Triatl\u00f3n P\u00e1lmaces un cl\u00e1sico del calendario cuya trig\u00e9simo primera edici\u00f3n renace tras enfrentarse y superar todo tipo de circunstancias adversas. \u201cSomos nuestra memoria, somos ese quim\u00e9rico museo de formas inconstantes, ese mont\u00f3n de espejos rotos\u201d escribi\u00f3 Borges en el Elogio de la Sombra. Corr\u00eda el a\u00f1o 1969 y todav\u00eda estaba lejos cualquier [&hellip;]<\/p>\n","protected":false},"author":351,"featured_media":0,"comment_status":"closed","ping_status":"open","sticky":false,"template":"","format":"standard","meta":{"_acf_changed":false,"rank_math_lock_modified_date":false,"footnotes":""},"categories":[17,19,1200,10639,1191],"tags":[12269],"class_list":{"0":"post-103197","1":"post","2":"type-post","3":"status-publish","4":"format-standard","6":"category-actualidad","7":"category-competiciones","8":"category-opinion-triatlon","9":"category-portada","10":"category-triatlon","11":"tag-triatlon-de-palmaces"},"acf":[],"_links":{"self":[{"href":"https:\/\/miurltemporal.com/main/triatletasenred.sport.es\/wp-json\/wp\/v2\/posts\/103197"}],"collection":[{"href":"https:\/\/miurltemporal.com/main/triatletasenred.sport.es\/wp-json\/wp\/v2\/posts"}],"about":[{"href":"https:\/\/miurltemporal.com/main/triatletasenred.sport.es\/wp-json\/wp\/v2\/types\/post"}],"author":[{"embeddable":true,"href":"https:\/\/miurltemporal.com/main/triatletasenred.sport.es\/wp-json\/wp\/v2\/users\/351"}],"replies":[{"embeddable":true,"href":"https:\/\/miurltemporal.com/main/triatletasenred.sport.es\/wp-json\/wp\/v2\/comments?post=103197"}],"version-history":[{"count":2,"href":"https:\/\/miurltemporal.com/main/triatletasenred.sport.es\/wp-json\/wp\/v2\/posts\/103197\/revisions"}],"predecessor-version":[{"id":103214,"href":"https:\/\/miurltemporal.com/main/triatletasenred.sport.es\/wp-json\/wp\/v2\/posts\/103197\/revisions\/103214"}],"wp:attachment":[{"href":"https:\/\/miurltemporal.com/main/triatletasenred.sport.es\/wp-json\/wp\/v2\/media?parent=103197"}],"wp:term":[{"taxonomy":"category","embeddable":true,"href":"https:\/\/miurltemporal.com/main/triatletasenred.sport.es\/wp-json\/wp\/v2\/categories?post=103197"},{"taxonomy":"post_tag","embeddable":true,"href":"https:\/\/miurltemporal.com/main/triatletasenred.sport.es\/wp-json\/wp\/v2\/tags?post=103197"}],"curies":[{"name":"wp","href":"https:\/\/api.w.org\/{rel}","templated":true}]}}