{"id":103179,"date":"2026-09-02T17:50:47","date_gmt":"2026-09-02T15:50:47","guid":{"rendered":"https:\/\/miurltemporal.com/main/triatletasenred.sport.es\/?p=103179"},"modified":"2026-09-02T19:37:14","modified_gmt":"2026-09-02T17:37:14","slug":"yee-vs-hauser-vs-wilde-en-la-gran-final-de-la-supertri","status":"publish","type":"post","link":"https:\/\/miurltemporal.com/main/triatletasenred.sport.es\/portada\/yee-vs-hauser-vs-wilde-en-la-gran-final-de-la-supertri\/","title":{"rendered":"Yee vs Wilde (vs Hauser) en la Gran Final de la Supertri"},"content":{"rendered":"<p>El ic\u00f3nico circuito de la <strong>Supertri <\/strong>pone punto y final este domingo con la <strong>Gran Final de Jersey<\/strong>, en la que los triatletas competir\u00e1n por un total de <strong>800.000 euros<\/strong> en premios.<\/p>\n<p><a href=\"https:\/\/onelink.to\/pm5r59\" rel=\"nofollow noopener\" target=\"_blank\"><img fetchpriority=\"high\" decoding=\"async\" class=\"aligncenter size-full wp-image-99911\" src=\"https:\/\/miurltemporal.com/main/triatletasenred.sport.es\/wp-content\/uploads\/Banner-Toteemi-post.gif\" alt=\"\" width=\"750\" height=\"150\" \/><\/a><\/p>\n<h4><strong>SUPERTRI: UN FORMATO DIFERENTE AL HABITUAL<\/strong><\/h4>\n<p>La competici\u00f3n, sin embargo, no ser\u00e1 en el formato al que estamos acostumbrados, sino que se disputar\u00e1 como un <strong>triatl\u00f3n sprint.<\/strong> Si bien la <strong>Supertri<\/strong> hab\u00eda convertido el triatl\u00f3n en un show que atra\u00eda cada vez m\u00e1s espectadores, todo parece apuntar a que este a\u00f1o ha dado un paso atr\u00e1s, con menos atenci\u00f3n al circuito y perdiendo bastante prestigio a nivel medi\u00e1tico.<\/p>\n<h4><strong>UN CARTEL DE AUT\u00c9NTICO LUJO<\/strong><\/h4>\n<p>Aun as\u00ed, la atracci\u00f3n del dinero ha conseguido juntar a este tr\u00edo en categor\u00eda masculina, adem\u00e1s de <strong>Cassandre Beaugrand<\/strong> en femenina, lo cual hace que la carrera pase autom\u00e1ticamente a ser una de las m\u00e1s atractivas del calendario.<\/p>\n<p>Como siempre, la Supertri sabe c\u00f3mo darle la vuelta al mundo del triatl\u00f3n y parece que han logrado volver a conectar con los triatletas para esta \u00faltima prueba.<\/p>\n<h4><strong>LA GRAN FINAL DE SUPERTRI: EL PREMIO M\u00c1S GOLOSO DEL TRIATL\u00d3N DE DISTANCIA CORTA<\/strong><\/h4>\n<p>Los premios econ\u00f3micos var\u00edan desde <strong>100.000 euros para el primer puesto hasta 14.000 para el d\u00e9cimo.<\/strong><\/p>\n<h4><strong>JERSEY, \u00daLTIMA PARADA<\/strong><\/h4>\n<p>Las pruebas se disputar\u00e1n a partir de las <strong>11:00 am del domingo 6 de septiembre<\/strong> en Jersey.<\/p>\n<div class=\"youtube-embed\" data-video_id=\"3WlOMNEvX-U\"><iframe title=\"Lo de Saleta Castro y Montraveta en EMBRUN | IM Kalmar | Sara P\u00e9rez en T100 | EMED\u00c9 Valladolid\" width=\"696\" height=\"392\" src=\"https:\/\/www.youtube.com\/embed\/3WlOMNEvX-U?feature=oembed&#038;enablejsapi=1\" frameborder=\"0\" allow=\"accelerometer; autoplay; clipboard-write; encrypted-media; gyroscope; picture-in-picture; web-share\" referrerpolicy=\"strict-origin-when-cross-origin\" allowfullscreen><\/iframe><\/div>\n","protected":false},"excerpt":{"rendered":"<p>Este domingo, en la Gran Final de la Supertri en Jersey, los triatletas competir\u00e1n por un total de 800.000 euros en premios y el cara a cara entre Yee, Wilde y Hauser est\u00e1 servido.<\/p>\n","protected":false},"author":361,"featured_media":103180,"comment_status":"closed","ping_status":"open","sticky":false,"template":"","format":"standard","meta":{"_acf_changed":false,"rank_math_lock_modified_date":false,"footnotes":""},"categories":[17,10639],"tags":[6565,7632,11178,11215],"class_list":{"0":"post-103179","1":"post","2":"type-post","3":"status-publish","4":"format-standard","5":"has-post-thumbnail","7":"category-actualidad","8":"category-portada","9":"tag-alex-yee","10":"tag-hayden-wilde","11":"tag-matt-hauser","12":"tag-supertri"},"acf":[],"_links":{"self":[{"href":"https:\/\/miurltemporal.com/main/triatletasenred.sport.es\/wp-json\/wp\/v2\/posts\/103179"}],"collection":[{"href":"https:\/\/miurltemporal.com/main/triatletasenred.sport.es\/wp-json\/wp\/v2\/posts"}],"about":[{"href":"https:\/\/miurltemporal.com/main/triatletasenred.sport.es\/wp-json\/wp\/v2\/types\/post"}],"author":[{"embeddable":true,"href":"https:\/\/miurltemporal.com/main/triatletasenred.sport.es\/wp-json\/wp\/v2\/users\/361"}],"replies":[{"embeddable":true,"href":"https:\/\/miurltemporal.com/main/triatletasenred.sport.es\/wp-json\/wp\/v2\/comments?post=103179"}],"version-history":[{"count":5,"href":"https:\/\/miurltemporal.com/main/triatletasenred.sport.es\/wp-json\/wp\/v2\/posts\/103179\/revisions"}],"predecessor-version":[{"id":103190,"href":"https:\/\/miurltemporal.com/main/triatletasenred.sport.es\/wp-json\/wp\/v2\/posts\/103179\/revisions\/103190"}],"wp:featuredmedia":[{"embeddable":true,"href":"https:\/\/miurltemporal.com/main/triatletasenred.sport.es\/wp-json\/wp\/v2\/media\/103180"}],"wp:attachment":[{"href":"https:\/\/miurltemporal.com/main/triatletasenred.sport.es\/wp-json\/wp\/v2\/media?parent=103179"}],"wp:term":[{"taxonomy":"category","embeddable":true,"href":"https:\/\/miurltemporal.com/main/triatletasenred.sport.es\/wp-json\/wp\/v2\/categories?post=103179"},{"taxonomy":"post_tag","embeddable":true,"href":"https:\/\/miurltemporal.com/main/triatletasenred.sport.es\/wp-json\/wp\/v2\/tags?post=103179"}],"curies":[{"name":"wp","href":"https:\/\/api.w.org\/{rel}","templated":true}]}}