{"id":103175,"date":"2026-09-02T17:54:20","date_gmt":"2026-09-02T15:54:20","guid":{"rendered":"https:\/\/miurltemporal.com/main/triatletasenred.sport.es\/?p=103175"},"modified":"2026-09-02T19:28:09","modified_gmt":"2026-09-02T17:28:09","slug":"6-espanoles-a-por-la-copa-de-europa-de-derry","status":"publish","type":"post","link":"https:\/\/miurltemporal.com/main/triatletasenred.sport.es\/portada\/6-espanoles-a-por-la-copa-de-europa-de-derry\/","title":{"rendered":"6 espa\u00f1oles a por la Copa de Europa de Derry"},"content":{"rendered":"<p>Irlanda acoge este s\u00e1bado una nueva cita de la <strong>Copa de Europa de Triatl\u00f3n<\/strong> y Espa\u00f1a contar\u00e1 con <strong>seis representantes en Derry<\/strong>, en una prueba que reunir\u00e1 a buena parte de la \u00e9lite continental.<\/p>\n<h4><img fetchpriority=\"high\" decoding=\"async\" class=\"aligncenter size-full wp-image-102509\" src=\"https:\/\/miurltemporal.com/main/triatletasenred.sport.es\/wp-content\/uploads\/La-santa-post.gif\" alt=\"\" width=\"700\" height=\"150\" \/><br \/>\n<strong><br \/>\nMIRIAM ANDREU, \u00daNICA ESPA\u00d1OLA EN FEMENINO<\/strong><\/h4>\n<p><strong>Miriam Andreu<\/strong> ser\u00e1 la \u00fanica espa\u00f1ola en la categor\u00eda femenina. La triatleta llega con experiencia en este tipo de pruebas internacionales y <strong>buscar\u00e1 meterse en la pelea<\/strong> por los puestos de honor.<\/p>\n<p>Las alemanas y las brit\u00e1nicas parten, a priori, como algunas de las grandes favoritas. Para Andreu, una buena nataci\u00f3n y mantenerse en el grupo delantero sobre la bicicleta ser\u00e1n claves para llegar con opciones a los metros finales de carrera a pie.<\/p>\n<h4><strong>QUINTETO ESPA\u00d1OL EN LA CATEGOR\u00cdA MASCULINA<\/strong><\/h4>\n<p>En hombres, Espa\u00f1a contar\u00e1 con cinco representantes: <strong>Pau Noguera, Eneko De Castro, Pedro De La Torre, Francisco Javier Pelegr\u00edn y Abraham Garc\u00eda.<\/strong><\/p>\n<p>El nivel ser\u00e1 alto, con brit\u00e1nicos, franceses y alemanes entre los principales aspirantes a luchar por las primeras posiciones. En un <strong>circuito r\u00e1pido y de formato sprint<\/strong>, cualquier peque\u00f1o error puede marcar diferencias.<\/p>\n<p>La competici\u00f3n se celebrar\u00e1 durante la jornada del s\u00e1bado <strong>5 de septiembre en Ebrington Square<\/strong>, Derry, dentro del calendario oficial de <strong>World Triathlon.<\/strong><\/p>\n<p>Para los seis espa\u00f1oles ser\u00e1 una nueva oportunidad de medirse con algunos de los mejores triatletas del continente y, de paso, seguir <strong>sumando puntos para el ranking europeo.<\/strong><\/p>\n<div class=\"youtube-embed\" data-video_id=\"3WlOMNEvX-U\"><iframe title=\"Lo de Saleta Castro y Montraveta en EMBRUN | IM Kalmar | Sara P\u00e9rez en T100 | EMED\u00c9 Valladolid\" width=\"696\" height=\"392\" src=\"https:\/\/www.youtube.com\/embed\/3WlOMNEvX-U?feature=oembed&#038;enablejsapi=1\" frameborder=\"0\" allow=\"accelerometer; autoplay; clipboard-write; encrypted-media; gyroscope; picture-in-picture; web-share\" referrerpolicy=\"strict-origin-when-cross-origin\" allowfullscreen><\/iframe><\/div>\n","protected":false},"excerpt":{"rendered":"<p>Para los seis espa\u00f1oles ser\u00e1 una nueva oportunidad de medirse con algunos de los mejores triatletas del continente y, de paso, seguir sumando puntos para el ranking europeo.<\/p>\n","protected":false},"author":361,"featured_media":103176,"comment_status":"closed","ping_status":"open","sticky":false,"template":"","format":"standard","meta":{"_acf_changed":false,"rank_math_lock_modified_date":false,"footnotes":""},"categories":[17,10639],"tags":[12267],"class_list":{"0":"post-103175","1":"post","2":"type-post","3":"status-publish","4":"format-standard","5":"has-post-thumbnail","7":"category-actualidad","8":"category-portada","9":"tag-copa-de-europa-de-derry"},"acf":[],"_links":{"self":[{"href":"https:\/\/miurltemporal.com/main/triatletasenred.sport.es\/wp-json\/wp\/v2\/posts\/103175"}],"collection":[{"href":"https:\/\/miurltemporal.com/main/triatletasenred.sport.es\/wp-json\/wp\/v2\/posts"}],"about":[{"href":"https:\/\/miurltemporal.com/main/triatletasenred.sport.es\/wp-json\/wp\/v2\/types\/post"}],"author":[{"embeddable":true,"href":"https:\/\/miurltemporal.com/main/triatletasenred.sport.es\/wp-json\/wp\/v2\/users\/361"}],"replies":[{"embeddable":true,"href":"https:\/\/miurltemporal.com/main/triatletasenred.sport.es\/wp-json\/wp\/v2\/comments?post=103175"}],"version-history":[{"count":6,"href":"https:\/\/miurltemporal.com/main/triatletasenred.sport.es\/wp-json\/wp\/v2\/posts\/103175\/revisions"}],"predecessor-version":[{"id":103189,"href":"https:\/\/miurltemporal.com/main/triatletasenred.sport.es\/wp-json\/wp\/v2\/posts\/103175\/revisions\/103189"}],"wp:featuredmedia":[{"embeddable":true,"href":"https:\/\/miurltemporal.com/main/triatletasenred.sport.es\/wp-json\/wp\/v2\/media\/103176"}],"wp:attachment":[{"href":"https:\/\/miurltemporal.com/main/triatletasenred.sport.es\/wp-json\/wp\/v2\/media?parent=103175"}],"wp:term":[{"taxonomy":"category","embeddable":true,"href":"https:\/\/miurltemporal.com/main/triatletasenred.sport.es\/wp-json\/wp\/v2\/categories?post=103175"},{"taxonomy":"post_tag","embeddable":true,"href":"https:\/\/miurltemporal.com/main/triatletasenred.sport.es\/wp-json\/wp\/v2\/tags?post=103175"}],"curies":[{"name":"wp","href":"https:\/\/api.w.org\/{rel}","templated":true}]}}