{"id":103168,"date":"2026-09-02T08:01:11","date_gmt":"2026-09-02T06:01:11","guid":{"rendered":"https:\/\/miurltemporal.com/main/triatletasenred.sport.es\/?p=103168"},"modified":"2026-09-02T08:01:11","modified_gmt":"2026-09-02T06:01:11","slug":"lucy-charles-barclay-renuncia-a-defender-su-titulo-mundial-ironman-70-3-para-centrarse-en-kona","status":"publish","type":"post","link":"https:\/\/miurltemporal.com/main/triatletasenred.sport.es\/portada\/lucy-charles-barclay-renuncia-a-defender-su-titulo-mundial-ironman-70-3-para-centrarse-en-kona\/","title":{"rendered":"Lucy Charles-Barclay renuncia a defender su t\u00edtulo mundial IRONMAN 70.3 para centrarse en Kona"},"content":{"rendered":"<p>La vigente campeona del mundo IM 70.3 <strong>no estar\u00e1 en la l\u00ednea de salida de Niza<\/strong>. Una decisi\u00f3n meditada y sin relaci\u00f3n con ninguna lesi\u00f3n, con la que la brit\u00e1nica apuesta por llegar en las mejores condiciones posibles al <strong>Campeonato del Mundo Ironman de Kona.<\/strong><\/p>\n<p><a href=\"https:\/\/www.inverseteams.com\/es\/?srsltid=AfmBOopcdN5zEVSQJD3fkV4Je_gbxU0qOyVuAnS_htxK60krBL72wKdR\" rel=\"nofollow noopener\" target=\"_blank\"><img fetchpriority=\"high\" decoding=\"async\" src=\"https:\/\/miurltemporal.com/main/triatletasenred.sport.es\/wp-content\/uploads\/banner-INVERSE-TRIATLON-TRIATLETAS-EN-RED-1.jpg\" alt=\"\" width=\"700\" height=\"150\" class=\"aligncenter size-full wp-image-92965\" srcset=\"https:\/\/miurltemporal.com/main/triatletasenred.sport.es\/wp-content\/uploads\/banner-INVERSE-TRIATLON-TRIATLETAS-EN-RED-1.jpg 700w, https:\/\/miurltemporal.com/main/triatletasenred.sport.es\/wp-content\/uploads\/banner-INVERSE-TRIATLON-TRIATLETAS-EN-RED-1-300x64.jpg 300w, https:\/\/miurltemporal.com/main/triatletasenred.sport.es\/wp-content\/uploads\/banner-INVERSE-TRIATLON-TRIATLETAS-EN-RED-1-696x150.jpg 696w\" sizes=\"(max-width: 700px) 100vw, 700px\" \/><\/a><\/p>\n<p><strong>UNA DECISI\u00d3N DIF\u00cdCIL, PERO CON KONA COMO PRIORIDAD<\/strong><\/p>\n<p><strong>Lucy Charles-Barclay<\/strong> no podr\u00e1 defender el t\u00edtulo mundial <strong>Ironman 70.3<\/strong> que conquist\u00f3 el pasado a\u00f1o en Marbella. La brit\u00e1nica ha decidido renunciar a la cita de Niza del pr\u00f3ximo 12 de septiembre para concentrar todos sus esfuerzos en el <strong>gran objetivo de su temporada<\/strong> que se disputar\u00e1 el 10 de octubre.<\/p>\n<p>La decisi\u00f3n llega cuando queda poco m\u00e1s de 1 mes para la cita hawaiana y seg\u00fan la propia triatleta, no est\u00e1 motivada por ninguna lesi\u00f3n, sino porque considera que competir en Niza supondr\u00eda introducir un bloque de intensidad, viajes y recuperaci\u00f3n que podr\u00eda comprometer parte de la <strong>preparaci\u00f3n espec\u00edfica<\/strong> que necesita para llegar a Kona en su mejor versi\u00f3n.<\/p>\n<p><strong>UNA TEMPORADA DE MENOS A M\u00c1S<\/strong><\/p>\n<p>Charles-Barclay ha tenido que reconstruir su temporada despu\u00e9s de un periodo de inactividad provocado por una lesi\u00f3n, sin embargo, en los \u00faltimos meses ha demostrado que vuelve a estar cerca de su mejor nivel.<\/p>\n<p>En mayo consigui\u00f3 una importante victoria en <strong>Ironman Lanzarote<\/strong>, mientras que en julio fue segunda en <strong>Challenge Roth<\/strong>, confirmando que su rendimiento en larga distancia contin\u00faa creciendo.<\/p>\n<p><strong>&#8220;SOY UNA ATLETA DE CARRERAS&#8221;<\/strong><\/p>\n<p>Una de las claves de su decisi\u00f3n es precisamente su car\u00e1cter competitivo y es que <strong>Charles-Barclay ha reconocido en sus RRSS <\/strong>que, una vez colocada en una l\u00ednea de salida, no sabe afrontar una competici\u00f3n de manera conservadora. <\/p>\n<p>Si fuese a  Niza no estar\u00eda ante una simple carrera de preparaci\u00f3n sino que ser\u00eda nada menos que un Campeonato del Mundo y, adem\u00e1s, llegar\u00eda como vigente campeona por lo que  &#8220;<em>Una vez que suena el disparo de salida, no hay margen de error y por supuesto no ser\u00eda un d\u00eda tranquilo<\/em>&#8220;, explica.<\/p>\n<p>Competir implicar\u00eda reducir la carga de entrenamiento, viajar, disputar una carrera al m\u00e1ximo nivel y posteriormente necesitar un periodo de recuperaci\u00f3n. Todo ello <strong>supondr\u00eda perder sesiones<\/strong> que ahora considera fundamentales.<\/p>\n<p><strong>TODA LA MIRADA, PUESTA EN HAWAII<\/strong><\/p>\n<p>La brit\u00e1nica afrontar\u00e1 ahora las pr\u00f3ximas semanas completamente centrada en la preparaci\u00f3n para Kona.<\/p>\n<p>Su temporada ya ha demostrado que tiene argumentos para volver a luchar por las primeras posiciones en larga distancia. La victoria en Lanzarote y el segundo puesto en Roth son dos resultados que respaldan esa candidatura, aunque <strong>la gran prueba llegar\u00e1 el 10 de octubre<\/strong> en la Isla Grande.<\/p>\n<p>Niza tendr\u00e1 una nueva campeona del mundo 70.3, y mientras tanto, Lucy seguir\u00e1 trabajando lejos de los focos para intentar llegar a Kona con una \u00fanica misi\u00f3n, estar en la <strong>mejor forma posible<\/strong> el d\u00eda que realmente ha marcado en rojo en su calendario.<\/p>\n<p><iframe title=\"Lo de Saleta Castro y Montraveta en EMBRUN | IM Kalmar | Sara P\u00e9rez en T100 | EMED\u00c9 Valladolid\" width=\"696\" height=\"392\" src=\"https:\/\/www.youtube.com\/embed\/3WlOMNEvX-U?feature=oembed\" frameborder=\"0\" allow=\"accelerometer; autoplay; clipboard-write; encrypted-media; gyroscope; picture-in-picture; web-share\" referrerpolicy=\"strict-origin-when-cross-origin\" allowfullscreen><\/iframe><\/p>\n","protected":false},"excerpt":{"rendered":"<p>La brit\u00e1nica ha decidido renunciar a la cita de Niza del pr\u00f3ximo 12 de septiembre para concentrar todos sus esfuerzos en el gran objetivo de su temporada.<\/p>\n","protected":false},"author":359,"featured_media":97232,"comment_status":"closed","ping_status":"open","sticky":false,"template":"","format":"standard","meta":{"_acf_changed":false,"rank_math_lock_modified_date":false,"footnotes":""},"categories":[17,10639],"tags":[],"class_list":{"0":"post-103168","1":"post","2":"type-post","3":"status-publish","4":"format-standard","5":"has-post-thumbnail","7":"category-actualidad","8":"category-portada"},"acf":[],"_links":{"self":[{"href":"https:\/\/miurltemporal.com/main/triatletasenred.sport.es\/wp-json\/wp\/v2\/posts\/103168"}],"collection":[{"href":"https:\/\/miurltemporal.com/main/triatletasenred.sport.es\/wp-json\/wp\/v2\/posts"}],"about":[{"href":"https:\/\/miurltemporal.com/main/triatletasenred.sport.es\/wp-json\/wp\/v2\/types\/post"}],"author":[{"embeddable":true,"href":"https:\/\/miurltemporal.com/main/triatletasenred.sport.es\/wp-json\/wp\/v2\/users\/359"}],"replies":[{"embeddable":true,"href":"https:\/\/miurltemporal.com/main/triatletasenred.sport.es\/wp-json\/wp\/v2\/comments?post=103168"}],"version-history":[{"count":5,"href":"https:\/\/miurltemporal.com/main/triatletasenred.sport.es\/wp-json\/wp\/v2\/posts\/103168\/revisions"}],"predecessor-version":[{"id":103174,"href":"https:\/\/miurltemporal.com/main/triatletasenred.sport.es\/wp-json\/wp\/v2\/posts\/103168\/revisions\/103174"}],"wp:featuredmedia":[{"embeddable":true,"href":"https:\/\/miurltemporal.com/main/triatletasenred.sport.es\/wp-json\/wp\/v2\/media\/97232"}],"wp:attachment":[{"href":"https:\/\/miurltemporal.com/main/triatletasenred.sport.es\/wp-json\/wp\/v2\/media?parent=103168"}],"wp:term":[{"taxonomy":"category","embeddable":true,"href":"https:\/\/miurltemporal.com/main/triatletasenred.sport.es\/wp-json\/wp\/v2\/categories?post=103168"},{"taxonomy":"post_tag","embeddable":true,"href":"https:\/\/miurltemporal.com/main/triatletasenred.sport.es\/wp-json\/wp\/v2\/tags?post=103168"}],"curies":[{"name":"wp","href":"https:\/\/api.w.org\/{rel}","templated":true}]}}