{"id":103164,"date":"2026-08-31T19:49:58","date_gmt":"2026-08-31T17:49:58","guid":{"rendered":"https:\/\/miurltemporal.com/main/triatletasenred.sport.es\/?p=103164"},"modified":"2026-08-31T19:49:58","modified_gmt":"2026-08-31T17:49:58","slug":"la-maldicion-del-dorsal-11-en-el-ciclismo-tres-grandes-vueltas-tres-caidas-tres-abandonos","status":"publish","type":"post","link":"https:\/\/miurltemporal.com/main/triatletasenred.sport.es\/portada\/la-maldicion-del-dorsal-11-en-el-ciclismo-tres-grandes-vueltas-tres-caidas-tres-abandonos\/","title":{"rendered":"La maldici\u00f3n del dorsal 11 en el ciclismo: tres Grandes Vueltas, tres ca\u00eddas, tres abandonos"},"content":{"rendered":"<p>Buitrago en el Giro. Vingegaard en el Tour. Poga\u010dar en La Vuelta. El mismo dorsal y un mismo destino en las tres carreras por etapas m\u00e1s importantes del ciclismo.<\/p>\n<p><a href=\"https:\/\/onelink.to\/pm5r59\" rel=\"nofollow noopener\" target=\"_blank\"><img fetchpriority=\"high\" decoding=\"async\" class=\"alignnone size-full wp-image-99911\" src=\"https:\/\/miurltemporal.com/main/triatletasenred.sport.es\/wp-content\/uploads\/Banner-Toteemi-post.gif\" alt=\"\" width=\"750\" height=\"150\" \/><\/a><\/p>\n<p>Hay coincidencias que duran lo que tarda una conversaci\u00f3n en terminar. Y hay otras que comienzan a crear fantasmas. El ciclismo est\u00e1 lleno de supersticiones, rituales y n\u00fameros con significaci\u00f3n propia en un deporte donde pese a que manda la carretera y la fuerza, la necesidad de ahuyentar los males es casi inevitable. Nadie escapa a ese <strong>dorsal 13<\/strong>, al que algunos corredores prefieren llevar invertido para desafiar a la superstici\u00f3n. Sin embargo, <strong>en 2026 la maldici\u00f3n tiene otro n\u00famero: el 11<\/strong>.<\/p>\n<p><strong>Santiago Buitrago lo llev\u00f3 en el Giro de Italia. Jonas Vingegaard lo port\u00f3 en el Tour de Francia. Tadej Poga\u010dar lo luci\u00f3 en La Vuelta a Espa\u00f1a<\/strong>. Los tres eran l\u00edderes de sus respectivos equipos. Los tres se fueron al suelo. <strong>Los tres abandonaron una sucesi\u00f3n de hechos cuya trascendencia es mayor que la anterior<\/strong>. Primero cay\u00f3 un corredor que apenas hab\u00eda tenido tiempo de entrar en carrera. Despu\u00e9s cay\u00f3 el principal rival del favorito al Tour. Y finalmente cay\u00f3 el l\u00edder de una Gran Vuelta llamado a hacer historia.<\/p>\n<h4><strong>BUITRAGO, EL INICIO DE TODO CON UN ADI\u00d3S AL GIRO SIN CASI RUIDO<\/strong><\/h4>\n<p><span style=\"color: #222222; font-family: Verdana, BlinkMacSystemFont, -apple-system, 'Segoe UI', Roboto, Oxygen, Ubuntu, Cantarell, 'Open Sans', 'Helvetica Neue', sans-serif; font-size: 15px;\">El colombiano <strong>Santiago Buitrago lleg\u00f3 al Giro de Italia como jefe de filas del Bahrain Victorious<\/strong> para la clasificaci\u00f3n general en la que aspiraba a quedar m\u00ednimo dentro del TOP10. Pero cuando la carrera todav\u00eda no hab\u00eda tenido tiempo ni de esbozar sus din\u00e1micas ni siquiera salir de la Bulgaria de la cual parti\u00f3 la prueba<strong>, en la segunda etapa, entre Burgas y Veliko Tarnovo cuando quedaban poco m\u00e1s de una veintena de kil\u00f3metros para la meta, el cafetero se fue al suelo<\/strong> en una ca\u00edda masiva sobre el asfalto mojado y resbaladizo que la lluvia hab\u00eda dejado. <\/span><\/p>\n<p><span style=\"color: #222222; font-family: Verdana, BlinkMacSystemFont, -apple-system, 'Segoe UI', Roboto, Oxygen, Ubuntu, Cantarell, 'Open Sans', 'Helvetica Neue', sans-serif; font-size: 15px;\">Ah\u00ed <strong>termin\u00f3 el Giro de Italia para \u00e9l<\/strong>. Una <strong>conmoci\u00f3n cerebral, abrasiones y contusiones a la altura del cuello<\/strong> que limitaban su movimiento fue todo el \u2018bot\u00edn\u2019 que se llev\u00f3 de la ronda gala.<\/span><\/p>\n<p><strong>El dorsal 11 desapareci\u00f3 del Giro en la segunda etapa<\/strong>. Por entonces, pod\u00eda parecer simplemente mala suerte. Nadie pod\u00eda imaginar que dos meses despu\u00e9s el mismo n\u00famero volver\u00eda a estar en el suelo.<\/p>\n<h4><strong>VINGEGGARD, EL SEGUNDO EN CAER AHORA EN EL TOUR DE FRANCIA<\/strong><\/h4>\n<p>El segundo cap\u00edtulo de esta serie de catastr\u00f3ficas desdichas se escribir\u00eda en el <strong>Tour de Francia<\/strong>. All\u00e1 cuando la Grande Boucle entraba en los Alpes <strong>Jonas Vingegaard se convirti\u00f3 en la nueva v\u00edctima de la maldici\u00f3n del dorsal 11<\/strong>. A unos veinte kil\u00f3metros de la meta de la <strong>decimoquinta etapa<\/strong>, en la salida de una rotonda, Vingegaard perdi\u00f3 el control de la bicicleta al golpearse contra el bordillo y el dan\u00e9s ya no se levant\u00f3.<\/p>\n<p>El dos veces campe\u00f3n de la prueba fue trasladado en ambulancia con el brazo derecho en cabestrillo y el diagn\u00f3stico posterior confirm\u00f3 una <strong>fractura de clav\u00edcula<\/strong>, que requer\u00eda cirug\u00eda, adem\u00e1s de<strong> m\u00faltiples abrasiones<\/strong>.\u00a0 El Tour hab\u00eda perdido a su segundo clasificado, el \u00fanico en haberle ganado de t\u00fa a t\u00fa a <strong>Poga\u010dar<\/strong> y el encargado de ponerle en tensi\u00f3n aunque en aquel momento la diferencia en la clasificaci\u00f3n general ya fuese de <strong>4 minutos y 30 segundos respecto al esloveno y el n\u00f3rdico tuviese que mirar m\u00e1s por conservar su segundo caj\u00f3n que luchar por la gloria<\/strong>.<\/p>\n<p><strong>Otro n\u00famero 11 hab\u00eda vuelto a abandonar una Gran Vuelta<\/strong>, en este caso, la reina por excelencia, el Tour de Francia y con su adi\u00f3s Vingegaard puso fin a su temporada, esa en la que hab\u00eda sido testigo del infortunio de Buitrago antes de hacerse con el maillot rosa que le faltaba en sus vitrinas. Y todav\u00eda faltaba La Vuelta.<\/p>\n<h4><strong>POGA\u010cAR: EL D\u00cdA QUE EL &#8216;EXTRATERRESTRE&#8217; SUPO LO QUE ES ABANDONAR<\/strong><\/h4>\n<p>Esa <strong>Vuelta a Espa\u00f1a<\/strong> en la que <strong>Tadej Poga\u010dar sali\u00f3 con el dorsal 11<\/strong> y una \u00fanica misi\u00f3n: conquistar la \u00fanica carrera de tres semanas que todav\u00eda faltaba en su colecci\u00f3n de Grandes Vueltas.<\/p>\n<p>Comenz\u00f3 como suele hacerlo Poga\u010dar: arrasando. El esloveno se visti\u00f3 de rojo el primer d\u00eda, en M\u00f3naco y acumul\u00f3 <strong>tres victorias de etapa<\/strong> en las primeras siete jornadas y ah\u00ed vestido de l\u00edder, con una ventaja que parec\u00eda sideral para con sus rivales y<strong> una demostraci\u00f3n de fuerza y dominio aplastante que nada ni nadie parec\u00eda poder amenazar<\/strong>.<\/p>\n<p>Hasta que la el<strong> 29 de agosto<\/strong> y la te\u00f3rica transitiva <strong>octava etapa<\/strong>, entre Pu\u00e7ol y Xeraco, demostraron lo contrario cuando quedaban alrededor de 33 kil\u00f3metros. <a href=\"https:\/\/miurltemporal.com/main/triatletasenred.sport.es\/portada\/tadej-pogacar-abandona-la-vuelta-2026-tras-una-dura-caida\/\">Poga\u010dar no vio un objeto en la carretera<\/a> y la siguiente imagen esperando la asistencia m\u00e9dica para ser trasladado al hospital para tratar una <strong>fractura desplazada de la clav\u00edcula izquierda, fractura estable de la v\u00e9rtebra cervical C7 y conmoci\u00f3n cerebral<\/strong>, adem\u00e1s de m\u00faltiples abrasiones y heridas fue tan impactante como inusitada para un ciclista que, hasta entonces, en sus ocho participaciones previas en Tour, Giro y La Vuelta jam\u00e1s hab\u00eda abandonado.<\/p>\n<p>El dorsal n\u00famero 11 tampoco iba a llegar a la l\u00ednea de meta final de <strong>Granada<\/strong> como tampoco alcanz\u00f3 Roma, ni Par\u00eds. <strong>Buitrago y Poga\u010dar ni siquiera llegaron el primer d\u00eda de descanso<\/strong>. El maleficio del 11 hab\u00eda llegado a su cl\u00edmax y cerrado una trilog\u00eda prof\u00e9tica que en mayo parec\u00eda anecd\u00f3tica, en julio cog\u00eda tintes interesantes y en agosto la coincidencia alcanza, su m\u00e1xima expresi\u00f3n. Quiz\u00e1 el 13 ya no es el de la mala suerte, quiz\u00e1 lo del 11 sea tan puntual como curioso o simplemente es que no hay n\u00fameros malditos, sino malditas casualidades.<\/p>\n<p><iframe title=\"\ud83d\udcc5 C\u00f3mo PLANIFICAR tu CALENDARIO de TRIATL\u00d3N con Jordi Montraveta y Julen D\u00edez\" width=\"696\" height=\"392\" src=\"https:\/\/www.youtube.com\/embed\/4Yngl9MfmUk?feature=oembed\" frameborder=\"0\" allow=\"accelerometer; autoplay; clipboard-write; encrypted-media; gyroscope; picture-in-picture; web-share\" referrerpolicy=\"strict-origin-when-cross-origin\" allowfullscreen><\/iframe><\/p>\n","protected":false},"excerpt":{"rendered":"<p>Buitrago en el Giro. Vingegaard en el Tour. Poga\u010dar en La Vuelta. El mismo dorsal y un mismo destino en las tres carreras por etapas m\u00e1s importantes del ciclismo.<\/p>\n","protected":false},"author":351,"featured_media":103165,"comment_status":"closed","ping_status":"open","sticky":false,"template":"","format":"standard","meta":{"_acf_changed":false,"rank_math_lock_modified_date":false,"footnotes":""},"categories":[17,10639],"tags":[12266,8127,8049,5676,6879],"class_list":{"0":"post-103164","1":"post","2":"type-post","3":"status-publish","4":"format-standard","5":"has-post-thumbnail","7":"category-actualidad","8":"category-portada","9":"tag-giro-de-italia","10":"tag-la-vuelta","11":"tag-tadej-pogacar","13":"tag-vuelta-a-espana"},"acf":[],"_links":{"self":[{"href":"https:\/\/miurltemporal.com/main/triatletasenred.sport.es\/wp-json\/wp\/v2\/posts\/103164"}],"collection":[{"href":"https:\/\/miurltemporal.com/main/triatletasenred.sport.es\/wp-json\/wp\/v2\/posts"}],"about":[{"href":"https:\/\/miurltemporal.com/main/triatletasenred.sport.es\/wp-json\/wp\/v2\/types\/post"}],"author":[{"embeddable":true,"href":"https:\/\/miurltemporal.com/main/triatletasenred.sport.es\/wp-json\/wp\/v2\/users\/351"}],"replies":[{"embeddable":true,"href":"https:\/\/miurltemporal.com/main/triatletasenred.sport.es\/wp-json\/wp\/v2\/comments?post=103164"}],"version-history":[{"count":2,"href":"https:\/\/miurltemporal.com/main/triatletasenred.sport.es\/wp-json\/wp\/v2\/posts\/103164\/revisions"}],"predecessor-version":[{"id":103167,"href":"https:\/\/miurltemporal.com/main/triatletasenred.sport.es\/wp-json\/wp\/v2\/posts\/103164\/revisions\/103167"}],"wp:featuredmedia":[{"embeddable":true,"href":"https:\/\/miurltemporal.com/main/triatletasenred.sport.es\/wp-json\/wp\/v2\/media\/103165"}],"wp:attachment":[{"href":"https:\/\/miurltemporal.com/main/triatletasenred.sport.es\/wp-json\/wp\/v2\/media?parent=103164"}],"wp:term":[{"taxonomy":"category","embeddable":true,"href":"https:\/\/miurltemporal.com/main/triatletasenred.sport.es\/wp-json\/wp\/v2\/categories?post=103164"},{"taxonomy":"post_tag","embeddable":true,"href":"https:\/\/miurltemporal.com/main/triatletasenred.sport.es\/wp-json\/wp\/v2\/tags?post=103164"}],"curies":[{"name":"wp","href":"https:\/\/api.w.org\/{rel}","templated":true}]}}