{"id":101298,"date":"2026-05-02T10:46:24","date_gmt":"2026-05-02T08:46:24","guid":{"rendered":"https:\/\/miurltemporal.com/main/triatletasenred.sport.es\/?p=101298"},"modified":"2026-05-02T10:47:23","modified_gmt":"2026-05-02T08:47:23","slug":"challenge-salou-costa-daurada-soldout","status":"publish","type":"post","link":"https:\/\/miurltemporal.com/main/triatletasenred.sport.es\/actualidad\/challenge-salou-costa-daurada-soldout\/","title":{"rendered":"Marta S\u00e1nchez lidera el cartel de Challenge Salou \u2013 Costa Daurada 2026 que firma el \u2018sold out\u2019"},"content":{"rendered":"<p>La prueba catalana cuelga el cartel de completo y reunir\u00e1 a 1.200 triatletas del 8 al 10 de mayo y una startlist de lujo.<\/p>\n<p><a href=\"https:\/\/www.inverseteams.com\/es\/?srsltid=AfmBOopcdN5zEVSQJD3fkV4Je_gbxU0qOyVuAnS_htxK60krBL72wKdR\" rel=\"nofollow noopener\" target=\"_blank\"><img fetchpriority=\"high\" decoding=\"async\" class=\"alignnone size-full wp-image-92965\" src=\"https:\/\/miurltemporal.com/main/triatletasenred.sport.es\/wp-content\/uploads\/banner-INVERSE-TRIATLON-TRIATLETAS-EN-RED-1.jpg\" alt=\"\" width=\"700\" height=\"150\" srcset=\"https:\/\/miurltemporal.com/main/triatletasenred.sport.es\/wp-content\/uploads\/banner-INVERSE-TRIATLON-TRIATLETAS-EN-RED-1.jpg 700w, https:\/\/miurltemporal.com/main/triatletasenred.sport.es\/wp-content\/uploads\/banner-INVERSE-TRIATLON-TRIATLETAS-EN-RED-1-300x64.jpg 300w, https:\/\/miurltemporal.com/main/triatletasenred.sport.es\/wp-content\/uploads\/banner-INVERSE-TRIATLON-TRIATLETAS-EN-RED-1-696x150.jpg 696w\" sizes=\"(max-width: 700px) 100vw, 700px\" \/><\/a><\/p>\n<p><strong>Marta S\u00e1nchez<\/strong> y una destacada representaci\u00f3n internacional lideran un cartel profesional de m\u00e1ximo nivel en la Costa Daurada donde el <strong>Challenge Salou \u2013 Costa Daurada 2026<\/strong> ha colgado el cartel de completo, alcanzando los <strong>1.200 triatletas populares inscritos<\/strong> en una de las pruebas m\u00e1s destacadas del calendario internacional de triatl\u00f3n que tendr\u00e1 lugar del<strong> 8 al 10 de mayo<\/strong> en <strong>Salou<\/strong>.<\/p>\n<h4><strong>DEL S\u00c1NCHEZ VS CURRIDORI A JOE SKIPPER<\/strong><\/h4>\n<p>La und\u00e9cima edici\u00f3n llega con un duelo por todo lo alto en la prueba femenina y m\u00e1s de 50 triatletas profesionales globalmente.<\/p>\n<p>La recientemente <a href=\"https:\/\/miurltemporal.com/main/triatletasenred.sport.es\/portada\/marta-sanchez-tercera-en-ironman-texas-y-clasificada-para-kona-en-una-prueba-con-victoria-para-lovseth\/\">tercera clasificada en Ironman Texas<\/a>, <strong>Marta S\u00e1nchez<\/strong> se probar\u00e1 por primera vez en las calles de Salou donde le espera la actual defensora de la corona salouense, <strong>Elisabetta Curridori<\/strong>. La italiana regresasr\u00e1 a Challenge Salou \u2013 Costa Daurada con el prop\u00f3sito defender la victoria del curso pasado y lo har\u00e1 con el mismo antecedente que lo hiciera hace un a\u00f1o, directa de haber conquistado <a href=\"https:\/\/miurltemporal.com/main/triatletasenred.sport.es\/actualidad\/jordi-montraveta-y-elisabetta-curridori-revalidan-victoria-en-infinitri-113-peniscola-2026\/\"><strong>Infinitri 113 Pe\u00f1\u00edscola<\/strong><\/a>.<\/p>\n<p>A las dos mundialistas se suma la presencia de la australiana <strong>Milan Agnew<\/strong>, quien ha firmado un gran arranque de temporada rozando el<strong> TOP10 tanto en Ironman 70.3 Geelong como en Ironman 70.3 Valencia<\/strong>. Nombres como el de las mujeres del Pe\u00f1ota Dental Alusigma <strong>Steffie Le Benezic y Eider Bereziartua<\/strong> o el de <strong>Carolina Laurentiu<\/strong> tambi\u00e9n figuran en la lista inicial.<\/p>\n<p>En <strong>categor\u00eda masculina<\/strong>, el brit\u00e1nico <strong>Will Draper<\/strong>, campe\u00f3n de Europa de media distancia, lidera una lista en la que tambi\u00e9n figuran nombres como el veterano <strong>Joe Skipper<\/strong> &#8211; quien acabar de lograr el slot al Mundial &#8211; <strong>Harry Palmer, Jack Hutchens, Rostislav Pevtsov y Hugo Figueiredo<\/strong> que se medir\u00e1n al vigente campe\u00f3n <strong>Thomas Davis<\/strong>. <strong>Mikel Txopitea, Gorka Arechabaleta, Mikel G\u00f3mez e Ignacio Cabrera<\/strong> conforman el contingente \u2018casero\u2019.<\/p>\n<h4><strong>UN RECORRIDO R\u00c1PIDO Y ESPECTACULAR<\/strong><\/h4>\n<p>La prueba estrella de <strong>Challenge Salou \u2013 Costa Daurada 2026<\/strong> repetir\u00e1 el recorrido que ya se ha convertido en un cl\u00e1sico en estos once a\u00f1os de vida. La nataci\u00f3n se desarrollar\u00e1 un a\u00f1o m\u00e1s en la <strong>Platja de Llevant<\/strong>; un segmento que dar\u00e1 paso a un <strong>r\u00e1pido sector ciclista<\/strong> que discurrir\u00e1 por una <strong>autov\u00eda cerrada al tr\u00e1fico<\/strong>: y culminar\u00e1 con una <strong>carrera a pie<\/strong> cuyo escenario principal ser\u00e1 del <strong>paseo mar\u00edtimo<\/strong> de la localidad tarraconense.<\/p>\n<p>Dicho trazado tambi\u00e9n decidir\u00e1 el <strong>Campeonato Nacional de Catalunya Absoluto de Triatl\u00f3n<\/strong>.<\/p>\n<h4><strong>EL CHALLENGE SALOU \u2013 COSTA DAURADA M\u00c1S INTERNACIONAL<\/strong><\/h4>\n<p>Cartel internacional para una prueba cuyo car\u00e1cter mundial se traslada tambi\u00e9n a su participaci\u00f3n popular con un <strong>57% de deportistas llegados de todo el mundo<\/strong> que se repartir\u00e1n entre los <strong>seis eventos<\/strong> propuestos desde la organizaci\u00f3n de Challenge Salou \u2013 Costa Daurada: <strong>Middle Distance, Middle Distance Relay, Short Distance, Aquathlon Distance, Family Run y Kids Run<\/strong>.<\/p>\n<h4><strong>TRES D\u00cdAS DE PURO TRI EN SALOU<\/strong><\/h4>\n<p>El plato fuerte del <strong>Challenge Salou \u2013 Costa Daurada<\/strong> llegar\u00e1 el <strong>domingo 10 de mayo<\/strong> con la disputa de la <strong>Middle Distance PRO<\/strong> a la que se suceder\u00e1n las distintas salidas por categor\u00edas, incluyendo el <strong>Campeonato de Catalunya<\/strong>, la prueba de <strong>Short Distance<\/strong> y el fin de fiesta v\u00eda la <strong>Finisher Experience con la Montsi\u00e0 Paella Party<\/strong>.<\/p>\n<p>Sin embargo, el inicio de esta tendr\u00e1 lugar el <strong>viernes 8 de mayo<\/strong> con la apertura de la <strong>Expo<\/strong> y la <strong>recogida de dorsales<\/strong>. Una jornada de contacto a la que seguir\u00e1 una <strong>matinal sabatina<\/strong> en la que se celebrar\u00e1 el <strong>SAILFISH Swim Check<\/strong>, la rueda de prensa oficial y los briefings t\u00e9cnicos. Por la tarde tendr\u00e1 lugar la <strong>Aquathlon Distance<\/strong>, que ser\u00e1 <strong>Campeonato Nacional de Catalunya<\/strong>, con un formato de <strong>1.000 m de nataci\u00f3n y 5 km de carrera a pie<\/strong>.<\/p>\n<p>La jornada del s\u00e1bado se completar\u00e1 con las pruebas solidarias <strong>Kids Run<\/strong> (1 km) y <strong>Family Run<\/strong> (2 km), abiertas a todas las edades. Ambas tendr\u00e1n un <strong>coste simb\u00f3lico de 2 euros<\/strong>, cuya recaudaci\u00f3n se destinar\u00e1 \u00edntegramente a la <a href=\"https:\/\/frosamariavivar.org\/fundacio\/fundadora\/\" rel=\"nofollow noopener\" target=\"_blank\"><strong>Fundaci\u00f3n Rosa Maria Vivar<\/strong><\/a>, dedicada al acompa\u00f1amiento de personas con Alzheimer.<\/p>\n<p><iframe title=\"CHALLENGE SALOU 2025. \u00a1Asi hemos vivido su D\u00c9CIMO aniversario!\" width=\"696\" height=\"392\" src=\"https:\/\/www.youtube.com\/embed\/ZWUtlijSOf0?feature=oembed\" frameborder=\"0\" allow=\"accelerometer; autoplay; clipboard-write; encrypted-media; gyroscope; picture-in-picture; web-share\" referrerpolicy=\"strict-origin-when-cross-origin\" allowfullscreen><\/iframe><\/p>\n","protected":false},"excerpt":{"rendered":"<p>La prueba catalana cuelga el cartel de completo y reunir\u00e1 a 1.200 triatletas del 8 al 10 de mayo y una startlist de lujo.<\/p>\n","protected":false},"author":351,"featured_media":101303,"comment_status":"closed","ping_status":"open","sticky":false,"template":"","format":"standard","meta":{"_acf_changed":false,"rank_math_lock_modified_date":false,"footnotes":""},"categories":[17,10639],"tags":[12092],"class_list":{"0":"post-101298","1":"post","2":"type-post","3":"status-publish","4":"format-standard","5":"has-post-thumbnail","7":"category-actualidad","8":"category-portada","9":"tag-challenge-salou-costa-daurada-2026"},"acf":[],"_links":{"self":[{"href":"https:\/\/miurltemporal.com/main/triatletasenred.sport.es\/wp-json\/wp\/v2\/posts\/101298"}],"collection":[{"href":"https:\/\/miurltemporal.com/main/triatletasenred.sport.es\/wp-json\/wp\/v2\/posts"}],"about":[{"href":"https:\/\/miurltemporal.com/main/triatletasenred.sport.es\/wp-json\/wp\/v2\/types\/post"}],"author":[{"embeddable":true,"href":"https:\/\/miurltemporal.com/main/triatletasenred.sport.es\/wp-json\/wp\/v2\/users\/351"}],"replies":[{"embeddable":true,"href":"https:\/\/miurltemporal.com/main/triatletasenred.sport.es\/wp-json\/wp\/v2\/comments?post=101298"}],"version-history":[{"count":1,"href":"https:\/\/miurltemporal.com/main/triatletasenred.sport.es\/wp-json\/wp\/v2\/posts\/101298\/revisions"}],"predecessor-version":[{"id":101305,"href":"https:\/\/miurltemporal.com/main/triatletasenred.sport.es\/wp-json\/wp\/v2\/posts\/101298\/revisions\/101305"}],"wp:featuredmedia":[{"embeddable":true,"href":"https:\/\/miurltemporal.com/main/triatletasenred.sport.es\/wp-json\/wp\/v2\/media\/101303"}],"wp:attachment":[{"href":"https:\/\/miurltemporal.com/main/triatletasenred.sport.es\/wp-json\/wp\/v2\/media?parent=101298"}],"wp:term":[{"taxonomy":"category","embeddable":true,"href":"https:\/\/miurltemporal.com/main/triatletasenred.sport.es\/wp-json\/wp\/v2\/categories?post=101298"},{"taxonomy":"post_tag","embeddable":true,"href":"https:\/\/miurltemporal.com/main/triatletasenred.sport.es\/wp-json\/wp\/v2\/tags?post=101298"}],"curies":[{"name":"wp","href":"https:\/\/api.w.org\/{rel}","templated":true}]}}