{"id":101156,"date":"2026-04-28T18:32:37","date_gmt":"2026-04-28T16:32:37","guid":{"rendered":"https:\/\/miurltemporal.com/main/triatletasenred.sport.es\/?p=101156"},"modified":"2026-04-28T18:32:37","modified_gmt":"2026-04-28T16:32:37","slug":"ultimos-100-dorsales-para-infinitri-burriana-triathlon-festival","status":"publish","type":"post","link":"https:\/\/miurltemporal.com/main/triatletasenred.sport.es\/actualidad\/ultimos-100-dorsales-para-infinitri-burriana-triathlon-festival\/","title":{"rendered":"\u00a1\u00daltimos 100 dorsales para Infinitri Burriana Triathlon Festival!"},"content":{"rendered":"<p>A m\u00e1s de un mes de su celebraci\u00f3n el evento castellonense se encamino a un &#8216;sold out&#8217; que llevar\u00eda al evento a batir sus r\u00e9cords de participaci\u00f3n.<\/p>\n<p><a href=\"http:\/\/finisher.es\" rel=\"nofollow noopener\" target=\"_blank\"><img fetchpriority=\"high\" decoding=\"async\" class=\"alignnone size-full wp-image-89764\" src=\"https:\/\/miurltemporal.com/main/triatletasenred.sport.es\/wp-content\/uploads\/Banner_finisher_750x100.jpg\" alt=\"\" width=\"750\" height=\"100\" srcset=\"https:\/\/miurltemporal.com/main/triatletasenred.sport.es\/wp-content\/uploads\/Banner_finisher_750x100.jpg 750w, https:\/\/miurltemporal.com/main/triatletasenred.sport.es\/wp-content\/uploads\/Banner_finisher_750x100-300x40.jpg 300w, https:\/\/miurltemporal.com/main/triatletasenred.sport.es\/wp-content\/uploads\/Banner_finisher_750x100-696x93.jpg 696w, https:\/\/miurltemporal.com/main/triatletasenred.sport.es\/wp-content\/uploads\/Banner_finisher_750x100-741x100.jpg 741w\" sizes=\"(max-width: 750px) 100vw, 750px\" \/><\/a><\/p>\n<p>No hay descanso para la Infintri y sus seguidores. Con el recuerdo de <a href=\"https:\/\/miurltemporal.com/main/triatletasenred.sport.es\/actualidad\/jordi-montraveta-y-elisabetta-curridori-revalidan-victoria-en-infinitri-113-peniscola-2026\/\">Infinitri 113 Pe\u00f1\u00edscola<\/a> todav\u00eda fresco y las victorias de nivel internacional de Jordi Montraveta y Elisabetta Curridori en boca de todos, la franquicia se focaliza ya de lleno en <strong>Infinitri Burriana Triathlon Festival<\/strong> del pr\u00f3ximo <strong>6 de junio<\/strong>.<\/p>\n<p>Un evento que siguiendo el mismo camino que el de su prueba hermana, se enfila directo al \u2018sold out\u2019 a m\u00e1s de mes y medio de su celebraci\u00f3n. As\u00ed lo han comunicado desde la organizaci\u00f3n quien en las \u00faltimas horas informaba que tan <strong>solo quedan 100 dorsales disponibles<\/strong>. De lograr agotar las plazas, <strong>Infinitri Burriana Triathlon Festival firmar\u00e1 un<\/strong> <strong>nuevo r\u00e9cord de participaci\u00f3n, <\/strong>superando las cifras de 2025 donde ya reuni\u00f3 a 700 deportistas.<\/p>\n<h4><strong>INFINITRI BURRIANA TRIATHLON FESTIVAL, FIEL A SU ESENCIA<\/strong><\/h4>\n<p>Un a\u00f1o m\u00e1s, Burriana repetir\u00e1 f\u00f3rmula de \u00e9xito, tanto en formato y distancia como en recorrido. En cuanto a la primera variable, el evento oferta hasta <strong>tres distancias y dos formatos<\/strong>. Por un lado: <strong>Half (1,9K \u2013 84K \u2013 21K); Olympic (1,5K \u2013 42K \u2013 14K) y Short (1K \u2013 21K \u2013 7K)<\/strong> como triatlones para todo tipo de deportistas. Por otro, su cl\u00e1sico <strong>Aquabike (1,9K \u2013 84K)<\/strong>.<\/p>\n<p>En cuanto a los circuitos, la <strong>Playa del Arenal<\/strong> volver\u00e1 dar el pistoletazo de su salida a todos los participantes, quienes posteriormente tomar\u00e1n velocidad sobre la <strong>bicicleta en una CV-18 cerrada al tr\u00e1fico<\/strong> y aquellos deban completar el <strong>sector a pie<\/strong> les recibir\u00e1 el <strong>paraje natural que es el Clot de la Mare de D\u00e9u<\/strong>.<\/p>\n<h4><strong>LA FIESTA DE INFINITRI BURRIANA TRIATHLON FESTIVAL<\/strong><\/h4>\n<p>Un auge de la participaci\u00f3n que m\u00e1s all\u00e1 de lo deportivo tambi\u00e9n viene asociado por la calidad de la marca Infinitri fuera de los m\u00e1rgenes competitivos. <strong>Infinitri Burriana Triathlon <\/strong>Festival se ha consolidado como<strong> uno de los t\u00f3tems del turismo deportivo-familiar <\/strong>am\u00e9n de un fin de semana donde la<strong> conciliaci\u00f3n entre ambos factores <\/strong>se ha convertido en una de sus punta de lanza y su<strong> Infinitri Village el mayor exponente<\/strong> de ello.<\/p>\n<h4><strong>LA DOBLE CORONA: UN RETO SOLO PARA LOS ELEGIDOS<\/strong><\/h4>\n<p>La <strong>Doble Corona Infinitri es el nuevo gran reto que ha anunciado este a\u00f1o la organizaci\u00f3n<\/strong> y est\u00e1 dirigido a todos aquellos que hace apenas unos d\u00edas cruzaban la meta como <strong>finisher de Infinitri 113 Pen\u00edscola<\/strong>.<\/p>\n<p>El desaf\u00edo no es otro que <strong>completar los dos Halfs de la franquicia<\/strong> \u2013 en este caso sumar tambi\u00e9n la distancia Half en Infinitri Burriana Triathlon Festival \u2013 una misma temporada y todos aquellos que lo completen recibir\u00e1n la <strong>medalla Infinitri Doble Corona<\/strong>. Un reconocimiento que seg\u00fan explican <strong>ser\u00e1 el s\u00edmbolo de haber conquistado la costa de Castell\u00f3n de punta a punta<\/strong>.<\/p>\n<h4><strong>INSCRIPCIONES AL BORDE DEL \u2018SOLD OUT\u2019<\/strong><\/h4>\n<p>Todos aquellos interesados en hacerse con unos de los <strong>\u00faltimos 100 dorsales<\/strong> para <strong>Infinitri Burriana Triathlon Festival<\/strong> lo podr\u00e1n hacer a trav\u00e9s de la web del evento.<\/p>\n<p><a href=\"https:\/\/infinitri.es\/burriana\/inscripciones\/\" rel=\"nofollow noopener\" target=\"_blank\"><strong>INSCRIPCIONES INFINITRI BURRIANA TRIATHLON FESTIVAL<\/strong><\/a><\/p>\n<p><iframe title=\"Hayden Wilde arrasa en Singapur  | Jordi Montraveta Rey de Pe\u00f1\u00edscola | Lo de la Marat\u00f3n de Londres\" width=\"696\" height=\"392\" src=\"https:\/\/www.youtube.com\/embed\/cWuBCEowFks?feature=oembed\" frameborder=\"0\" allow=\"accelerometer; autoplay; clipboard-write; encrypted-media; gyroscope; picture-in-picture; web-share\" referrerpolicy=\"strict-origin-when-cross-origin\" allowfullscreen><\/iframe><\/p>\n","protected":false},"excerpt":{"rendered":"<p>A m\u00e1s de un mes de su celebraci\u00f3n el evento castellonense se encamino a un &#8216;sold out&#8217; que llevar\u00eda al evento a batir sus r\u00e9cords de participaci\u00f3n.<\/p>\n","protected":false},"author":351,"featured_media":101157,"comment_status":"closed","ping_status":"open","sticky":false,"template":"","format":"standard","meta":{"_acf_changed":false,"rank_math_lock_modified_date":false,"footnotes":""},"categories":[17,19,1191],"tags":[12033],"class_list":{"0":"post-101156","1":"post","2":"type-post","3":"status-publish","4":"format-standard","5":"has-post-thumbnail","7":"category-actualidad","8":"category-competiciones","9":"category-triatlon","10":"tag-infinitri-burriana-triathlon-festival"},"acf":[],"_links":{"self":[{"href":"https:\/\/miurltemporal.com/main/triatletasenred.sport.es\/wp-json\/wp\/v2\/posts\/101156"}],"collection":[{"href":"https:\/\/miurltemporal.com/main/triatletasenred.sport.es\/wp-json\/wp\/v2\/posts"}],"about":[{"href":"https:\/\/miurltemporal.com/main/triatletasenred.sport.es\/wp-json\/wp\/v2\/types\/post"}],"author":[{"embeddable":true,"href":"https:\/\/miurltemporal.com/main/triatletasenred.sport.es\/wp-json\/wp\/v2\/users\/351"}],"replies":[{"embeddable":true,"href":"https:\/\/miurltemporal.com/main/triatletasenred.sport.es\/wp-json\/wp\/v2\/comments?post=101156"}],"version-history":[{"count":1,"href":"https:\/\/miurltemporal.com/main/triatletasenred.sport.es\/wp-json\/wp\/v2\/posts\/101156\/revisions"}],"predecessor-version":[{"id":101159,"href":"https:\/\/miurltemporal.com/main/triatletasenred.sport.es\/wp-json\/wp\/v2\/posts\/101156\/revisions\/101159"}],"wp:featuredmedia":[{"embeddable":true,"href":"https:\/\/miurltemporal.com/main/triatletasenred.sport.es\/wp-json\/wp\/v2\/media\/101157"}],"wp:attachment":[{"href":"https:\/\/miurltemporal.com/main/triatletasenred.sport.es\/wp-json\/wp\/v2\/media?parent=101156"}],"wp:term":[{"taxonomy":"category","embeddable":true,"href":"https:\/\/miurltemporal.com/main/triatletasenred.sport.es\/wp-json\/wp\/v2\/categories?post=101156"},{"taxonomy":"post_tag","embeddable":true,"href":"https:\/\/miurltemporal.com/main/triatletasenred.sport.es\/wp-json\/wp\/v2\/tags?post=101156"}],"curies":[{"name":"wp","href":"https:\/\/api.w.org\/{rel}","templated":true}]}}