{"id":101150,"date":"2026-04-28T12:57:21","date_gmt":"2026-04-28T10:57:21","guid":{"rendered":"https:\/\/miurltemporal.com/main/triatletasenred.sport.es\/?p=101150"},"modified":"2026-04-28T12:57:21","modified_gmt":"2026-04-28T10:57:21","slug":"lisa-perterer-desvela-su-calvario-con-la-endofibrosis-de-la-arteria-iliaca-la-pierna-muerta-del-ciclismo","status":"publish","type":"post","link":"https:\/\/miurltemporal.com/main/triatletasenred.sport.es\/portada\/lisa-perterer-desvela-su-calvario-con-la-endofibrosis-de-la-arteria-iliaca-la-pierna-muerta-del-ciclismo\/","title":{"rendered":"Lisa Perterer desvela su calvario con la endofibrosis de la arteria il\u00edaca, la pierna &#8216;muerta&#8217; del ciclismo"},"content":{"rendered":"<p>La triatleta hace p\u00fablico el largo proceso que le llev\u00f3 hasta el diagn\u00f3stico final, su obligada decisi\u00f3n de pasar por quir\u00f3fano y la dura recuperaci\u00f3n de una patolog\u00eda asociada al ciclismo.<\/p>\n<p><a href=\"https:\/\/www.inverseteams.com\/es\/?srsltid=AfmBOopcdN5zEVSQJD3fkV4Je_gbxU0qOyVuAnS_htxK60krBL72wKdR\" rel=\"nofollow noopener\" target=\"_blank\"><img fetchpriority=\"high\" decoding=\"async\" class=\"alignnone size-full wp-image-92965\" src=\"https:\/\/miurltemporal.com/main/triatletasenred.sport.es\/wp-content\/uploads\/banner-INVERSE-TRIATLON-TRIATLETAS-EN-RED-1.jpg\" alt=\"\" width=\"700\" height=\"150\" srcset=\"https:\/\/miurltemporal.com/main/triatletasenred.sport.es\/wp-content\/uploads\/banner-INVERSE-TRIATLON-TRIATLETAS-EN-RED-1.jpg 700w, https:\/\/miurltemporal.com/main/triatletasenred.sport.es\/wp-content\/uploads\/banner-INVERSE-TRIATLON-TRIATLETAS-EN-RED-1-300x64.jpg 300w, https:\/\/miurltemporal.com/main/triatletasenred.sport.es\/wp-content\/uploads\/banner-INVERSE-TRIATLON-TRIATLETAS-EN-RED-1-696x150.jpg 696w\" sizes=\"(max-width: 700px) 100vw, 700px\" \/><\/a><\/p>\n<p>La triatleta helv\u00e9tica Lisa Perterer se ha confesado que en los \u00faltimos meses se ha sometido a una cirug\u00eda por endofibrosis de la arteria il\u00edaca en ambas piernas. Una circunstancia que ha revelado despu\u00e9s de no poder tomar la salida en Ironman Texas como ten\u00eda previsto en lo que iba a suponer su regreso a la competici\u00f3n tras pasar por quir\u00f3fano.<\/p>\n<p>\u201c<strong><em>Los \u00faltimos meses no han sido nada f\u00e1ciles. De hecho, han sido de los m\u00e1s duros que he vivido<\/em><\/strong>\u201d comenzaba Perterer, quinta clasificada en el Mundial Ironman de Kona el pasado mes de octubre. Como en la mayor\u00eda de los casos, su relato arranca con <strong>una pierna dormida y despu\u00e9s un dolor diario para el que inicialmente nadie encuentra respuesta<\/strong>. Sus apenas 34 a\u00f1os de edad \u2013 todav\u00eda m\u00e1s joven cuando sucedi\u00f3 el origen del problema \u2013 y la buena salud como atleta de \u00e9lite le llevaron a ser una de m\u00e1s de las pacientes con <strong>diagn\u00f3stico tard\u00edo<\/strong>.<\/p>\n<p>Tal y como revela, <strong>Perterer llevaba buscando poner nombre a lo que le suced\u00eda durante los \u00faltimos dos a\u00f1os y medio<\/strong>. Algo que por fin lleg\u00f3 despu\u00e9s de conquistar <strong>Ironman Cozumel<\/strong> en noviembre: <strong>endofibrosis de la arteria il\u00edaca en ambas piernas<\/strong>.<\/p>\n<h4><strong>\u00bfQU\u00c9 ES LA ENDOFIBROSIS DE LA ARTERIA IL\u00cdACA?<\/strong><\/h4>\n<p><strong>Endofibrosis de la arteria il\u00edaca<\/strong> en ambas piernas o lo que es lo mismo, una <strong>condici\u00f3n vascular no ateroescler\u00f3tica que produce reducci\u00f3n de la perfusi\u00f3n de las extremidades inferiores<\/strong>. En t\u00e9rminos mundanos: la <strong>obstrucci\u00f3n de uno de los vasos sangu\u00edneos que riegan las piernas<\/strong>.<\/p>\n<p>Una patolog\u00eda de <strong>origen biomec\u00e1nico<\/strong> que se ha convertido en <strong>una de las mayores pesadillas del pelot\u00f3n ciclista internacional<\/strong> tanto masculino como femenino donde como Lisa, las campeonas ol\u00edmpicas <strong>Pauline Ferrand-Pr\u00e9vot, Annemiek van Vleuten O Marianne Vos<\/strong> han pasado por el mismo proceso.<\/p>\n<h5><strong>EL &#8216;RUTINARIO&#8217; CALVARIO M\u00c9DICO HASTA EL DIAGN\u00d3STICO<\/strong><\/h5>\n<p><em><strong>&#8220;\u00abPor suerte\u00bb, ha afectado principalmente a mi pierna derecha, pero esa es tambi\u00e9n la que me ha causado tantos problemas<\/strong><\/em>\u201d se sinceraba Perterer sobre una lesi\u00f3n cuya prevalencia es que sea la arteria il\u00edaca izquierda a ser la m\u00e1s propensa a sufrir la endofibrosis que la derecha \u2013 a rev\u00e9s que con Lisa \u2013 pero que en el caso de esta se ha producido en ambos ha sido en ambos. Los problemas de los que habla la triatleta se tradujeron en \u201c<strong><em>Innumerables visitas al m\u00e9dico<\/em><\/strong>\u201d y una respuesta habitual \u201c<strong><em>Simplemente te est\u00e1s haciendo mayor, Lisa<\/em><\/strong>\u201d. Algo que \u201c<strong><em>no estaba dispuesta a aceptar<\/em><\/strong>\u201d hasta que por fin obtuvo la contestaci\u00f3n que necesitaba.<\/p>\n<h5>\u201c<strong><em>MENTALMENTE, LIDIAR CON EL DOLOR DIARIO ERA AGOTADOR&#8221;<\/em><\/strong><\/h5>\n<p>A partir de ah\u00ed, la mujer que a principios de a\u00f1o lograse subir hasta en cuatro ocasiones al podio entre Ironman (ambas distancias) y T100 <strong>lo intent\u00f3 \u201ctodo\u201d en cuanto a tratamientos conservadores<\/strong>, pero como reconoce \u201c<strong><em>nada lo resolvi\u00f3 de verdad<\/em><\/strong>\u201d. Entre sus probaturas y elucubraciones \u00bfCorrer m\u00e1s r\u00e1pido que el ritmo de tempo o de Ironman? Imposible sin que su pierna dejase de funcionar. \u201c<strong><em>En la bicicleta, mi equilibrio era inestable (60\/40), con dolor constante<\/em><\/strong>\u201d. Un dolor diario que traspas\u00f3 a lo psicol\u00f3gico \u201c<strong><em>Mentalmente, lidiar con el dolor diario era agotador<\/em><\/strong>\u201d.<\/p>\n<h5><strong><em>&#8220;MI \u00daNICA OPORTUNIDAD ERA ARRIESGARME Y OPERARME&#8221;<\/em><\/strong><\/h5>\n<p>Diagn\u00f3stico en mano, sin frutos mediante tratamiento conservador y un dolor incesante que afectaba tanto a lo f\u00edsico como lo mental Lisa Perterer tom\u00f3 la \u00fanica decisi\u00f3n posible de cara al futuro de su trayectoria profesional, operarse como tantos otros. \u201c<strong><em>Mi \u00fanica oportunidad de correr m\u00e1s r\u00e1pido y volver a disfrutar de verdad del deporte era arriesgarme y operarme justo despu\u00e9s del T100 de Catar<\/em><\/strong>\u201d.<\/p>\n<h4><strong>PERTERER: UNA RECUPERACI\u00d3N COMPLEJA<\/strong><\/h4>\n<p>As\u00ed lo hizo cuando no lo hiciese p\u00fablico. No obstante, lo que vino despu\u00e9s para Perterer ha sido tan arduo como el propio diagn\u00f3stico. \u201c<strong><em>Los dos meses siguientes a la operaci\u00f3n pusieron a prueba mi paciencia<\/em><\/strong>\u201d dec\u00eda en redes. <strong>Cuatro semanas sin moverse, seguidas de otras cuatro semanas de solo caminar ligeramente<\/strong> y un sempiterno recordatorio de lo sucedido cada vez que miraba las marcas de la operaci\u00f3n que \u201c<em>siguen ah\u00ed<\/em>\u201d.<\/p>\n<h5><strong>LA GRAN DECEPCI\u00d3N DE IRONMAN TEXAS: <em>&#8220;SEGUIREMOS ADELANTE&#8221;<\/em><\/strong><\/h5>\n<p>Aun as\u00ed, la triatleta se esforz\u00f3 en dejar todo eso atr\u00e1s y centrarse en el inicio de la temporada, cuyo pistoletazo de salida ten\u00eda fecha programado en Ironman Texas y Perterer \u201c<strong><em>estaba convencida de que lo conseguir\u00eda<\/em><\/strong>\u201d. Y todo parec\u00eda indicar que as\u00ed ser\u00eda cuando comenz\u00f3 a prepararlo cuatro semanas antes: \u201c<strong><em>Todo sali\u00f3 mejor de lo esperado. Mi cuerpo respond\u00eda, me sent\u00eda fuerte de nuevo. Me sent\u00eda feliz, preparada y, sinceramente, muy orgullosa de haber llegado a la semana de la carrera en tan buena forma<\/em><\/strong>\u201d.<\/p>\n<p>Sin embargo, un fuerte resfriado y un empeoramiento de su salud \u2013 subida repentina de la fiebre incluida \u2013 la ma\u00f1ana de la carrera dio al traste con sus planes. No hubo Ironman Texas para ella en lo que considera un DNS decepcionante. \u201c<strong><em>Duele. Mucho. Pero a veces la decisi\u00f3n correcta no es la m\u00e1s f\u00e1cil. Quiz\u00e1s sea solo mi cuerpo pidiendo un poco m\u00e1s de tiempo. As\u00ed que nos adaptamos. Seguimos adelante<\/em><\/strong>\u201d ha escrito en sus redes sociales.<\/p>\n<h4><strong>PERTERER: SU REGRESO EN EL HORIZONTE Y UN OBJETIVO PARA 2026<\/strong><\/h4>\n<p>Dicho y hecho. Pese a este inoportuno contratiempo Perterer no ha perdido su ambici\u00f3n y la helv\u00e9tica ya ha anunciado sus siguientes objetivos de la temporada: el Campeonato de Europa en el <strong>Ironman de Hamburgo<\/strong> y el <strong>Ironman 70.3 de Aix en Provence<\/strong>. Asimismo, la suiza ha comunicado el cambio de metas respecto al curso pasado y en 2025 pelear\u00e1 por <strong>Ironman Pro Series<\/strong> en lugar de enfocarse en el circuito T100.<\/p>\n<p><iframe title=\"Hayden Wilde arrasa en Singapur  | Jordi Montraveta Rey de Pe\u00f1\u00edscola | Lo de la Marat\u00f3n de Londres\" width=\"696\" height=\"392\" src=\"https:\/\/www.youtube.com\/embed\/cWuBCEowFks?feature=oembed\" frameborder=\"0\" allow=\"accelerometer; autoplay; clipboard-write; encrypted-media; gyroscope; picture-in-picture; web-share\" referrerpolicy=\"strict-origin-when-cross-origin\" allowfullscreen><\/iframe><\/p>\n","protected":false},"excerpt":{"rendered":"<p>La triatleta hace p\u00fablico el largo proceso que le llev\u00f3 hasta el diagn\u00f3stico final, su obligada decisi\u00f3n de pasar por quir\u00f3fano y la dura recuperaci\u00f3n de una patolog\u00eda asociada al ciclismo.<\/p>\n","protected":false},"author":351,"featured_media":101151,"comment_status":"closed","ping_status":"open","sticky":false,"template":"","format":"standard","meta":{"_acf_changed":false,"rank_math_lock_modified_date":false,"footnotes":""},"categories":[17,1196,10639,9],"tags":[12142,11720],"class_list":{"0":"post-101150","1":"post","2":"type-post","3":"status-publish","4":"format-standard","5":"has-post-thumbnail","7":"category-actualidad","8":"category-lesiones-deportivas","9":"category-portada","10":"category-triatlon-salud","11":"tag-endofibrosis-de-la-arteria-iliaca","12":"tag-lisa-perterer"},"acf":[],"_links":{"self":[{"href":"https:\/\/miurltemporal.com/main/triatletasenred.sport.es\/wp-json\/wp\/v2\/posts\/101150"}],"collection":[{"href":"https:\/\/miurltemporal.com/main/triatletasenred.sport.es\/wp-json\/wp\/v2\/posts"}],"about":[{"href":"https:\/\/miurltemporal.com/main/triatletasenred.sport.es\/wp-json\/wp\/v2\/types\/post"}],"author":[{"embeddable":true,"href":"https:\/\/miurltemporal.com/main/triatletasenred.sport.es\/wp-json\/wp\/v2\/users\/351"}],"replies":[{"embeddable":true,"href":"https:\/\/miurltemporal.com/main/triatletasenred.sport.es\/wp-json\/wp\/v2\/comments?post=101150"}],"version-history":[{"count":1,"href":"https:\/\/miurltemporal.com/main/triatletasenred.sport.es\/wp-json\/wp\/v2\/posts\/101150\/revisions"}],"predecessor-version":[{"id":101153,"href":"https:\/\/miurltemporal.com/main/triatletasenred.sport.es\/wp-json\/wp\/v2\/posts\/101150\/revisions\/101153"}],"wp:featuredmedia":[{"embeddable":true,"href":"https:\/\/miurltemporal.com/main/triatletasenred.sport.es\/wp-json\/wp\/v2\/media\/101151"}],"wp:attachment":[{"href":"https:\/\/miurltemporal.com/main/triatletasenred.sport.es\/wp-json\/wp\/v2\/media?parent=101150"}],"wp:term":[{"taxonomy":"category","embeddable":true,"href":"https:\/\/miurltemporal.com/main/triatletasenred.sport.es\/wp-json\/wp\/v2\/categories?post=101150"},{"taxonomy":"post_tag","embeddable":true,"href":"https:\/\/miurltemporal.com/main/triatletasenred.sport.es\/wp-json\/wp\/v2\/tags?post=101150"}],"curies":[{"name":"wp","href":"https:\/\/api.w.org\/{rel}","templated":true}]}}