{"id":101125,"date":"2026-04-26T14:10:08","date_gmt":"2026-04-26T12:10:08","guid":{"rendered":"https:\/\/miurltemporal.com/main/triatletasenred.sport.es\/?p=101125"},"modified":"2026-04-26T15:03:25","modified_gmt":"2026-04-26T13:03:25","slug":"jordi-montraveta-y-elisabetta-curridori-revalidan-victoria-en-infinitri-113-peniscola-2026","status":"publish","type":"post","link":"https:\/\/miurltemporal.com/main/triatletasenred.sport.es\/actualidad\/jordi-montraveta-y-elisabetta-curridori-revalidan-victoria-en-infinitri-113-peniscola-2026\/","title":{"rendered":"Jordi Montraveta y Elisabetta Curridori revalidan victoria en Infinitri 113 Pe\u00f1\u00edscola 2026"},"content":{"rendered":"<p>El catal\u00e1n y la italiana firman unas trabajadas victorias en Pe\u00f1\u00edscola donde el primero tambi\u00e9n bate el r\u00e9cord del circuito.<\/p>\n<p><a href=\"http:\/\/finisher.es\" rel=\"nofollow noopener\" target=\"_blank\"><img fetchpriority=\"high\" decoding=\"async\" class=\"alignnone size-full wp-image-89764\" src=\"https:\/\/miurltemporal.com/main/triatletasenred.sport.es\/wp-content\/uploads\/Banner_finisher_750x100.jpg\" alt=\"\" width=\"750\" height=\"100\" srcset=\"https:\/\/miurltemporal.com/main/triatletasenred.sport.es\/wp-content\/uploads\/Banner_finisher_750x100.jpg 750w, https:\/\/miurltemporal.com/main/triatletasenred.sport.es\/wp-content\/uploads\/Banner_finisher_750x100-300x40.jpg 300w, https:\/\/miurltemporal.com/main/triatletasenred.sport.es\/wp-content\/uploads\/Banner_finisher_750x100-696x93.jpg 696w, https:\/\/miurltemporal.com/main/triatletasenred.sport.es\/wp-content\/uploads\/Banner_finisher_750x100-741x100.jpg 741w\" sizes=\"(max-width: 750px) 100vw, 750px\" \/><\/a><\/p>\n<p><strong>Jordi Montraveta<\/strong> y <strong>Elisabetta Curridori<\/strong> han conquistado este domingo 26 de abril la decimocuarta edici\u00f3n de <strong>Infinitri 113 Pe\u00f1\u00edscola<\/strong> disputada en la ciudad castellonense que ha reunido a <strong>1.200 participantes<\/strong>, un nuevo r\u00e9cord para un evento que se ha convertido en capital dentro de la Media Distancia espa\u00f1ola y europea.<\/p>\n<h4><strong>LA &#8216;QUINTA&#8217; DE MONTRAVETA CON PERMISO DE UN GRAN OLIVER<\/strong><\/h4>\n<p>En la \u00e9lite masculina, <strong>Jordi Montraveta se ha alzado con su quinta victoria en Pe\u00f1\u00edscola<\/strong>, <strong>la tercera consecutiva en una jornada donde sus rivales le han llevado al l\u00edmite<\/strong> antes de poder repetir como campe\u00f3n.<\/p>\n<p>Un alt\u00edsimo nivel que se ha vislumbrado desde el segmento acu\u00e1tico donde <strong>Jes\u00fas Jim\u00e9nez (CEA B\u00e9tera) ha liderado un cuarteto en el que tambi\u00e9n se hallaba Carlos Oliver<\/strong> que ha logrado obtener una <strong>renta de m\u00e1s de un minuto sobre Victor Alexandre o Julen Lopetegui y dos sobre Roger Many\u00e0 y el propio Montraveta<\/strong>, quien ten\u00eda que remontar en la bicicleta.<\/p>\n<p>Una tarea nada sencilla para <strong>el catal\u00e1n que ha necesitado m\u00e1s de dos tercios del segmento ciclista para dar caza a un Oliver, Alexandre y Lopetegui<\/strong> que se confirmaban ah\u00ed como sus rivales m\u00e1s combativos del d\u00eda. Tras ello,<strong> el \u2018rey\u2019 de Pe\u00f1\u00edscola, tomaba el liderato e impon\u00eda un ritmo que \u00fanicamente pod\u00eda seguir Oliver,<\/strong> con el que llegaba a la T2 en cabeza. <strong>Dos minutos de renta \u00a0les separaba sobre un Lopetegui<\/strong> que pon\u00eda los mimbres de su bronce partiendo hacia la carrera a pie con m\u00e1s de un minuto de distancia sobre el d\u00fao belga formado por el ya mencionado Alexandre \u2013 subcampe\u00f3n el curso pasado \u2013 y Julie Hagen.<\/p>\n<h5><strong>MONTRAVETA OBLIGADO A REMONTAR AL OLIVER M\u00c1S DESAFIANTE\u00a0<\/strong><\/h5>\n<p>La carrera a pie ha dictado sentencia a favor de Montraveta, pero antes <strong>el de Cervera ha tenido que detener la ofensiva de un Oliver<\/strong> que no dud\u00f3 en buscar la debilidad de este en<strong> un primer 5K en el que logr\u00f3 arrancarle una veintena de segundos<\/strong> al que dio continuidad en los siguientes para conseguir configurar un escenario <strong>en el ecuador del medio marat\u00f3n en el que dominaba la prueba con dos minutos de ventaja sobre el favorito<\/strong>. Un Jordi Montraveta entre la espada y la pared \u00a0que reaccionaba en la segunda mitad para no solo recuperar el tiempo perdido y superar con creces a Oliver, sino cruzar la meta como ganador en un tiempo de 3:43:27 con el que establecer un nuevo r\u00e9cord del circuito y seguir su idilio con la prueba y la ciudad. Carlos Oliver (3:48:16) era segundo y Julen Lopetegui (3:49:39) completaba el podio.<\/p>\n<h6><strong>ESTE ES EL TOP10 MASCULINO DE INFINITRI 113 PE\u00d1\u00cdSCOLA 2026<\/strong><\/h6>\n<p>El <strong>TOP10 final<\/strong> ha dibujado un Infinitri 113 Pe\u00f1\u00edscola masculino tan <strong>nacional<\/strong> como <strong>internacional<\/strong> con la presencia de <strong>Julien Hagen (4\u00ba &#8211; 3:53:05); Roger Many\u00e0 (5\u00ba &#8211; 3:54:29); Thibault Delvenne (6\u00ba &#8211; 3:57:03); Baptiste Delmas (7\u00ba &#8211; 3:57:50) quien ha sido el mejor sub\u201923 del d\u00eda; Mart\u00edn Cando (8\u00ba &#8211; 3:59:59); Antoine Mechin (9\u00ba &#8211; 4:00:18) y Aitor Arotzena (10\u00ba &#8211; 4:02:34)<\/strong> que se aupaba en \u00e9l para darle cierre tras un ajustado final con Miguel Ledesma (4:02:53).<\/p>\n<figure id=\"attachment_101127\" aria-describedby=\"caption-attachment-101127\" style=\"width: 2560px\" class=\"wp-caption alignnone\"><img decoding=\"async\" class=\"size-full wp-image-101127\" src=\"https:\/\/miurltemporal.com/main/triatletasenred.sport.es\/wp-content\/uploads\/Podio-femenino-Infinitri-113-Peniscola-2026-scaled.jpg\" alt=\"Podio femenino Infinitri 113 Pe\u00f1\u00edscola 2026\" width=\"2560\" height=\"1920\" srcset=\"https:\/\/miurltemporal.com/main/triatletasenred.sport.es\/wp-content\/uploads\/Podio-femenino-Infinitri-113-Peniscola-2026-scaled.jpg 2560w, https:\/\/miurltemporal.com/main/triatletasenred.sport.es\/wp-content\/uploads\/Podio-femenino-Infinitri-113-Peniscola-2026-300x225.jpg 300w, https:\/\/miurltemporal.com/main/triatletasenred.sport.es\/wp-content\/uploads\/Podio-femenino-Infinitri-113-Peniscola-2026-1024x768.jpg 1024w, https:\/\/miurltemporal.com/main/triatletasenred.sport.es\/wp-content\/uploads\/Podio-femenino-Infinitri-113-Peniscola-2026-768x576.jpg 768w, https:\/\/miurltemporal.com/main/triatletasenred.sport.es\/wp-content\/uploads\/Podio-femenino-Infinitri-113-Peniscola-2026-1536x1152.jpg 1536w, https:\/\/miurltemporal.com/main/triatletasenred.sport.es\/wp-content\/uploads\/Podio-femenino-Infinitri-113-Peniscola-2026-2048x1536.jpg 2048w, https:\/\/miurltemporal.com/main/triatletasenred.sport.es\/wp-content\/uploads\/Podio-femenino-Infinitri-113-Peniscola-2026-560x420.jpg 560w, https:\/\/miurltemporal.com/main/triatletasenred.sport.es\/wp-content\/uploads\/Podio-femenino-Infinitri-113-Peniscola-2026-80x60.jpg 80w, https:\/\/miurltemporal.com/main/triatletasenred.sport.es\/wp-content\/uploads\/Podio-femenino-Infinitri-113-Peniscola-2026-696x522.jpg 696w, https:\/\/miurltemporal.com/main/triatletasenred.sport.es\/wp-content\/uploads\/Podio-femenino-Infinitri-113-Peniscola-2026-1068x801.jpg 1068w, https:\/\/miurltemporal.com/main/triatletasenred.sport.es\/wp-content\/uploads\/Podio-femenino-Infinitri-113-Peniscola-2026-1920x1440.jpg 1920w, https:\/\/miurltemporal.com/main/triatletasenred.sport.es\/wp-content\/uploads\/Podio-femenino-Infinitri-113-Peniscola-2026-265x198.jpg 265w\" sizes=\"(max-width: 2560px) 100vw, 2560px\" \/><figcaption id=\"caption-attachment-101127\" class=\"wp-caption-text\">Marta Borb\u00f3n (izq), Elisabetta Curridori (centro) y Mosion Mo\u00ebla (derecha). Podio femenino de Infinitri 113 Pe\u00f1\u00edscola. Fotograf\u00eda: Gomar Marchena.<\/figcaption><\/figure>\n<h4><strong>LA CARRERA A PIE LLEVA A LA GLORIA A CURRIDORI<\/strong><\/h4>\n<p>Misma sensaci\u00f3n y emoci\u00f3n ha presentado la \u00e9lite femenina donde<strong> Elisabetta Curridori ha tenido que trabajarse su triunfo<\/strong>.<\/p>\n<p>En su caso tambi\u00e9n desde una nataci\u00f3n donde <strong>tanto la francesa Moison Ma\u00ebla como Marta Borb\u00f3n han salido por delante de la italiana quien se subi\u00f3 a la bicicleta con casi un minuto perdido<\/strong> respecto a ellas.<\/p>\n<p>Un <strong>tiempo que recuperaba en el primer tercio de los 90K<\/strong> <strong>ciclista<\/strong> donde el tr\u00edo se reun\u00eda <strong>antes de afrontar el resto del segmento de forma conjunta<\/strong>, demostrando un nivel pareja que ha impedido a ninguna de ellas tener la oportunidad de marcharse en solitario. <strong>La \u00fanica muestra de flaqueza llegaba en los \u00faltimos instantes cuando Ma\u00ebla ced\u00eda apenas de una veintena de segundos previo a la T2<\/strong>.<\/p>\n<p>Con todo abierto, la decisiva carrera a pie tomaba un papel todav\u00eda m\u00e1s trascendental y los primeros compases han establecido la din\u00e1mica final. Por un lado, <strong>el poder\u00edo de una Curridori que kil\u00f3metro a kil\u00f3metro consegu\u00eda distanciar a Borb\u00f3n<\/strong>, siendo el ecuador el punto decisivo de la jornada al fraguar en \u00e9l una ventaja de dos minutos ya indiscutible, y por otro, la <strong>confirmaci\u00f3n del m\u00e1s a menos de Mo\u00ebla<\/strong>, cuyo paso jam\u00e1s inquiet\u00f3 la posici\u00f3n de Marta.<\/p>\n<p>Finalmente, <strong>Elisabetta Curridori<\/strong> sellaba su <strong>segunda victoria consecutiva en Pe\u00f1\u00edscola<\/strong> con una marca de <strong>4:14:26<\/strong>, mientras que <strong>Marta Borb\u00f3n<\/strong> (4:17:50) firmaba la <strong>plata<\/strong> y <strong>Moison Mo\u00ebla<\/strong> (4:24:57) confirmaba su <strong>bronce<\/strong> despu\u00e9s de <strong>contener el intent\u00f3 de remontada de la belga Tondeur Alexandra<\/strong> (4:25:30).<\/p>\n<p><iframe title=\"Marta S\u00e1nchez y Mikel Ugarte a KONA y previa INFINTRI Pe\u00f1\u00edscola\" width=\"696\" height=\"392\" src=\"https:\/\/www.youtube.com\/embed\/FHyUw2UKD8o?feature=oembed\" frameborder=\"0\" allow=\"accelerometer; autoplay; clipboard-write; encrypted-media; gyroscope; picture-in-picture; web-share\" referrerpolicy=\"strict-origin-when-cross-origin\" allowfullscreen><\/iframe><\/p>\n","protected":false},"excerpt":{"rendered":"<p>El catal\u00e1n y la italiana firman unas trabajadas victorias en Pe\u00f1\u00edscola donde el primero tambi\u00e9n bate el r\u00e9cord del circuito.<\/p>\n","protected":false},"author":351,"featured_media":101126,"comment_status":"closed","ping_status":"open","sticky":false,"template":"","format":"standard","meta":{"_acf_changed":false,"rank_math_lock_modified_date":false,"footnotes":""},"categories":[17,19,1191],"tags":[11774,11016,8585],"class_list":{"0":"post-101125","1":"post","2":"type-post","3":"status-publish","4":"format-standard","5":"has-post-thumbnail","7":"category-actualidad","8":"category-competiciones","9":"category-triatlon","10":"tag-elisabetta-curridori","11":"tag-infinitri-113-peniscola","12":"tag-jordi-montraveta"},"acf":[],"_links":{"self":[{"href":"https:\/\/miurltemporal.com/main/triatletasenred.sport.es\/wp-json\/wp\/v2\/posts\/101125"}],"collection":[{"href":"https:\/\/miurltemporal.com/main/triatletasenred.sport.es\/wp-json\/wp\/v2\/posts"}],"about":[{"href":"https:\/\/miurltemporal.com/main/triatletasenred.sport.es\/wp-json\/wp\/v2\/types\/post"}],"author":[{"embeddable":true,"href":"https:\/\/miurltemporal.com/main/triatletasenred.sport.es\/wp-json\/wp\/v2\/users\/351"}],"replies":[{"embeddable":true,"href":"https:\/\/miurltemporal.com/main/triatletasenred.sport.es\/wp-json\/wp\/v2\/comments?post=101125"}],"version-history":[{"count":3,"href":"https:\/\/miurltemporal.com/main/triatletasenred.sport.es\/wp-json\/wp\/v2\/posts\/101125\/revisions"}],"predecessor-version":[{"id":101131,"href":"https:\/\/miurltemporal.com/main/triatletasenred.sport.es\/wp-json\/wp\/v2\/posts\/101125\/revisions\/101131"}],"wp:featuredmedia":[{"embeddable":true,"href":"https:\/\/miurltemporal.com/main/triatletasenred.sport.es\/wp-json\/wp\/v2\/media\/101126"}],"wp:attachment":[{"href":"https:\/\/miurltemporal.com/main/triatletasenred.sport.es\/wp-json\/wp\/v2\/media?parent=101125"}],"wp:term":[{"taxonomy":"category","embeddable":true,"href":"https:\/\/miurltemporal.com/main/triatletasenred.sport.es\/wp-json\/wp\/v2\/categories?post=101125"},{"taxonomy":"post_tag","embeddable":true,"href":"https:\/\/miurltemporal.com/main/triatletasenred.sport.es\/wp-json\/wp\/v2\/tags?post=101125"}],"curies":[{"name":"wp","href":"https:\/\/api.w.org\/{rel}","templated":true}]}}