{"id":100698,"date":"2026-04-10T10:06:12","date_gmt":"2026-04-10T08:06:12","guid":{"rendered":"https:\/\/miurltemporal.com/main/triatletasenred.sport.es\/?p=100698"},"modified":"2026-04-10T10:06:12","modified_gmt":"2026-04-10T08:06:12","slug":"kipkurgat-y-chesang-favoritos-en-una-ibiza-media-maraton-de-record","status":"publish","type":"post","link":"https:\/\/miurltemporal.com/main/triatletasenred.sport.es\/competiciones\/kipkurgat-y-chesang-favoritos-en-una-ibiza-media-maraton-de-record\/","title":{"rendered":"Kipkurgat y Chesang favoritos en una Ibiza Media Marat\u00f3n de r\u00e9cord"},"content":{"rendered":"<p>Marca presencia internacional en una Ibiza Media Marat\u00f3n en la que la presencia de Lourdes Oyarbide ser\u00e1 otro de los grandes atractivos de este s\u00e1bado.<\/p>\n<p><a href=\"http:\/\/finisher.es\" rel=\"nofollow noopener\" target=\"_blank\"><img fetchpriority=\"high\" decoding=\"async\" class=\"alignnone size-full wp-image-89764\" src=\"https:\/\/miurltemporal.com/main/triatletasenred.sport.es\/wp-content\/uploads\/Banner_finisher_750x100.jpg\" alt=\"\" width=\"750\" height=\"100\" srcset=\"https:\/\/miurltemporal.com/main/triatletasenred.sport.es\/wp-content\/uploads\/Banner_finisher_750x100.jpg 750w, https:\/\/miurltemporal.com/main/triatletasenred.sport.es\/wp-content\/uploads\/Banner_finisher_750x100-300x40.jpg 300w, https:\/\/miurltemporal.com/main/triatletasenred.sport.es\/wp-content\/uploads\/Banner_finisher_750x100-696x93.jpg 696w, https:\/\/miurltemporal.com/main/triatletasenred.sport.es\/wp-content\/uploads\/Banner_finisher_750x100-741x100.jpg 741w\" sizes=\"(max-width: 750px) 100vw, 750px\" \/><\/a><\/p>\n<p>La <strong>Ibiza Media Marat\u00f3n<\/strong> present\u00f3 este pasado jueves su decimotercera edici\u00f3n, una cita que que se celebrar\u00e1 este <strong>s\u00e1bado 11 de abril<\/strong>, alcanza en 2026 una <strong>cifra r\u00e9cord de 4.500 participantes<\/strong> en una \u00fanica distancia, con dorsales agotados meses antes del evento qye la consolida como una de las pruebas m\u00e1s activas del calendario nacional.<\/p>\n<p>Al acto asistieron representantes institucionales del Consell D\u2019Eivissa, Ayuntamiento de Ibiza y del Ayuntamiento de Sant Josep de sa Talaia, miembros de la organizaci\u00f3n local, AD Ibiza Half Triathlon as\u00ed como colaboradores y patrocinadores del evento.<\/p>\n<p>Uno de los grandes hitos de la edici\u00f3n de 2026 ser\u00e1 como ya <a href=\"https:\/\/miurltemporal.com/main/triatletasenred.sport.es\/actualidad\/la-ibiza-media-maraton-bate-records-y-alcanza-la-paridad-el-50-de-las-inscritas-son-mujeres\/\">nos hicimos eco recientemente<\/a>, la <strong>paridad en la participaci\u00f3n<\/strong>, con una <strong>inscripci\u00f3n pr\u00e1cticamente equilibrada entre hombres y mujeres<\/strong>, un dato a\u00fan poco habitual en pruebas de esta distancia y que refleja la evoluci\u00f3n del atletismo popular en clave femenina.<\/p>\n<h4><strong>LA IBIZA MEDIA MARAT\u00d3N M\u00c1S INTERNACIONAL<\/strong><\/h4>\n<p>Adem\u00e1s, y en una l\u00ednea continuista, la <strong>Ibiza Media Marat\u00f3n<\/strong>, \u00fanica prueba homologada en la distancia en la isla, volver\u00e1 a destacar por su marcado <strong>car\u00e1cter internacional<\/strong>. M\u00e1s del <strong>60% de los corredores proceden del extranjero<\/strong>, representando hasta <strong>31 nacionalidades<\/strong>. Entre ellas, sobresale el Reino Unido (25,6% de los inscritos), seguido de Italia (9,6%), Irlanda, Alemania y Francia, con un 4% cada uno.<\/p>\n<p>En cuanto a la participaci\u00f3n nacional, <strong>Espa\u00f1a concentra el 40,2% de los inscritos<\/strong>, con representaci\u00f3n de <strong>32 provincias<\/strong>. Barcelona, Valencia y Madrid figuran entre las zonas con mayor n\u00famero de corredores desplazados hasta la isla.<\/p>\n<h5><strong><em>&#8220;ES LA CONSOLIDACI\u00d3N COMO UNA CITA DE REFERENCIA&#8221;<\/em><\/strong><\/h5>\n<p><strong>Andoni Valencia<\/strong>, responsable de la Asociaci\u00f3n Deportiva Ibiza Half Triathlon, entidad organizadora del evento, destaca que \u201c<em><strong>las cifras de este 2026 reflejan el crecimiento sostenido de la prueba y su consolidaci\u00f3n como una cita de referencia<\/strong>. Para nosotros es una motivaci\u00f3n ver c\u00f3mo Ibiza se posiciona como un destino ideal para la pr\u00e1ctica deportiva en un entorno \u00fanico. El pr\u00f3ximo 11 de abril volveremos a vivir una aut\u00e9ntica fiesta del atletismo<\/em>\u201d.<\/p>\n<h4><strong>KIPKURGAT Y CHESANG, LOS RIVALES A BARTIR CON OYARBIDE COMO ATRACTIVO<\/strong><\/h4>\n<p>En el plano deportivo, la prueba contar\u00e1 con un destacado nivel competitivo. Encabeza la participaci\u00f3n el keniano <strong>Meshack Kirwa Kipkurgat<\/strong>, reciente vencedor de la Media Marat\u00f3n de A Coru\u00f1a con un registro de 1:01:12. Junto a \u00e9l estar\u00e1n sus compatriotas <strong>Nickson Kiplangat<\/strong> (1:03:31 en Nantes) y<strong> David Kiplagat<\/strong>, con una mejor marca personal de 1:02:12.<\/p>\n<p>Mientras que en la <strong>\u00e9lite femenina<\/strong>, el protagonismo quedar\u00e1 repartido entre la favorita, la ugandesa <strong>Annet Chesang<\/strong>, que con una marca acreditada de <strong>1:12<\/strong> parte como la <strong>gran candidata a la victoria<\/strong> y <strong>Lourdes Oyarbide<\/strong>, cuyo paso por Ibiza marca el <strong>debut de la ex ciclista profesional alavesa en el atletismo y en la distancia<\/strong> despu\u00e9s de dejar la bicicleta en 2024. Como <a href=\"https:\/\/miurltemporal.com/main/triatletasenred.sport.es\/actualidad\/lourdes-oyarbide-la-excampeona-de-espana-de-ciclismo-escoge-ibiza-media-maraton-para-debutar-en-la-disciplina\/\">ya mencionamos hace unos d\u00edas<\/a>, inmersa en una etapa de experimentaci\u00f3n en nuevas disciplinas entre las que ya ha probado con el trailrunning, saber hasta d\u00f3nde puede llegar el rendimiento de la vasca en el Medio Marat\u00f3n es uno de los grandes focos de inter\u00e9s de la jornada sabatina en la Isla Blanca.<\/p>\n<p>Un bautismo de la que fuera campeona de Espa\u00f1a en ruta en 2019 y en contrarreloj en 2017, que tendr\u00e1 lugar en un r<strong>ecorrido volver\u00e1 a conectar los municipios de Sant Josep de sa Talaia y Eivissa<\/strong>, atravesando algunos de los paisajes m\u00e1s emblem\u00e1ticos de la isla. Un trazado que, adem\u00e1s de su atractivo deportivo, refuerza el posicionamiento de Ibiza como destino de turismo activo fuera de la temporada alta.<\/p>\n<p><iframe title=\"\u00bfC\u00f3mo ha evolucionado el calzado para triatl\u00f3n en 25 a\u00f1os? El caso DMT OXY con Xavi Llobet\" width=\"696\" height=\"392\" src=\"https:\/\/www.youtube.com\/embed\/AmOaXcSWSyc?feature=oembed\" frameborder=\"0\" allow=\"accelerometer; autoplay; clipboard-write; encrypted-media; gyroscope; picture-in-picture; web-share\" referrerpolicy=\"strict-origin-when-cross-origin\" allowfullscreen><\/iframe><\/p>\n","protected":false},"excerpt":{"rendered":"<p>Marca presencia internacional en una Ibiza Media Marat\u00f3n en la que la presencia de Lourdes Oyarbide ser\u00e1 otro de los grandes atractivos de este s\u00e1bado.<\/p>\n","protected":false},"author":351,"featured_media":100699,"comment_status":"closed","ping_status":"open","sticky":false,"template":"","format":"standard","meta":{"_acf_changed":false,"rank_math_lock_modified_date":false,"footnotes":""},"categories":[17,19,1192],"tags":[11705],"class_list":{"0":"post-100698","1":"post","2":"type-post","3":"status-publish","4":"format-standard","5":"has-post-thumbnail","7":"category-actualidad","8":"category-competiciones","9":"category-running","10":"tag-ibiza-media-maraton"},"acf":[],"_links":{"self":[{"href":"https:\/\/miurltemporal.com/main/triatletasenred.sport.es\/wp-json\/wp\/v2\/posts\/100698"}],"collection":[{"href":"https:\/\/miurltemporal.com/main/triatletasenred.sport.es\/wp-json\/wp\/v2\/posts"}],"about":[{"href":"https:\/\/miurltemporal.com/main/triatletasenred.sport.es\/wp-json\/wp\/v2\/types\/post"}],"author":[{"embeddable":true,"href":"https:\/\/miurltemporal.com/main/triatletasenred.sport.es\/wp-json\/wp\/v2\/users\/351"}],"replies":[{"embeddable":true,"href":"https:\/\/miurltemporal.com/main/triatletasenred.sport.es\/wp-json\/wp\/v2\/comments?post=100698"}],"version-history":[{"count":1,"href":"https:\/\/miurltemporal.com/main/triatletasenred.sport.es\/wp-json\/wp\/v2\/posts\/100698\/revisions"}],"predecessor-version":[{"id":100701,"href":"https:\/\/miurltemporal.com/main/triatletasenred.sport.es\/wp-json\/wp\/v2\/posts\/100698\/revisions\/100701"}],"wp:featuredmedia":[{"embeddable":true,"href":"https:\/\/miurltemporal.com/main/triatletasenred.sport.es\/wp-json\/wp\/v2\/media\/100699"}],"wp:attachment":[{"href":"https:\/\/miurltemporal.com/main/triatletasenred.sport.es\/wp-json\/wp\/v2\/media?parent=100698"}],"wp:term":[{"taxonomy":"category","embeddable":true,"href":"https:\/\/miurltemporal.com/main/triatletasenred.sport.es\/wp-json\/wp\/v2\/categories?post=100698"},{"taxonomy":"post_tag","embeddable":true,"href":"https:\/\/miurltemporal.com/main/triatletasenred.sport.es\/wp-json\/wp\/v2\/tags?post=100698"}],"curies":[{"name":"wp","href":"https:\/\/api.w.org\/{rel}","templated":true}]}}