{"id":100338,"date":"2026-03-17T17:58:15","date_gmt":"2026-03-17T16:58:15","guid":{"rendered":"https:\/\/miurltemporal.com/main/triatletasenred.sport.es\/?p=100338"},"modified":"2026-03-17T17:58:15","modified_gmt":"2026-03-17T16:58:15","slug":"the-millars-uci-gran-fondo-2026-una-edicion-de-record-con-un-impacto-economico-estimado-de-17-millones-de-euros","status":"publish","type":"post","link":"https:\/\/miurltemporal.com/main/triatletasenred.sport.es\/actualidad\/the-millars-uci-gran-fondo-2026-una-edicion-de-record-con-un-impacto-economico-estimado-de-17-millones-de-euros\/","title":{"rendered":"The Millars UCI Gran Fondo 2026: una edici\u00f3n de r\u00e9cord con un impacto econ\u00f3mico estimado de 1,7 millones de euros"},"content":{"rendered":"<p>La prueba cicloturista castellonense bate todos sus registros previos en la edici\u00f3n con m\u00e1s participaci\u00f3n, m\u00e1s internacional y mayor retorno econ\u00f3mico.<\/p>\n<p><a href=\"https:\/\/www.finisher.es\/\" rel=\"nofollow noopener\" target=\"_blank\"><img fetchpriority=\"high\" decoding=\"async\" class=\"alignnone size-full wp-image-89764\" src=\"https:\/\/miurltemporal.com/main/triatletasenred.sport.es\/wp-content\/uploads\/Banner_finisher_750x100.jpg\" alt=\"\" width=\"750\" height=\"100\" srcset=\"https:\/\/miurltemporal.com/main/triatletasenred.sport.es\/wp-content\/uploads\/Banner_finisher_750x100.jpg 750w, https:\/\/miurltemporal.com/main/triatletasenred.sport.es\/wp-content\/uploads\/Banner_finisher_750x100-300x40.jpg 300w, https:\/\/miurltemporal.com/main/triatletasenred.sport.es\/wp-content\/uploads\/Banner_finisher_750x100-696x93.jpg 696w, https:\/\/miurltemporal.com/main/triatletasenred.sport.es\/wp-content\/uploads\/Banner_finisher_750x100-741x100.jpg 741w\" sizes=\"(max-width: 750px) 100vw, 750px\" \/><\/a><\/p>\n<p>Castell\u00f3n afronta la cuenta atr\u00e1s para la celebraci\u00f3n de la <strong>III edici<\/strong><strong>\u00f3<\/strong><strong>n de The Millars UCI Gran Fondo World Series<\/strong>, que tendr\u00e1 lugar el pr\u00f3ximo <strong>22 de marzo de 2026 <\/strong>consolid\u00e1ndose como uno de los eventos internacionales de ciclismo amateur m\u00e1s relevantes del calendario europeo, ya que es la \u00fanica prueba en Espa\u00f1a integrada en el circuito mundial UCI Gran Fondo World Series.<\/p>\n<p>Tras haber cerrado recientemente sus inscripciones, la tercera edici\u00f3n <strong>The Millars UCI Gran Fondo World Series<\/strong>\u00a0rozar\u00e1 los <strong>2.000 participantes. <\/strong>Una cifra que vuelve a marcar un nuevo hito en su trayectoria y supera los n\u00fameros del bienio anterior, confirmando as\u00ed su crecimiento sostenido.<\/p>\n<p>Una prueba en boga cuyo \u00e9xito se explica entre otros por su gran calado entre la comunidad ciclista internacional:\u00a0 en 2026 participantes de\u00a0<strong>36 nacionalidades diferentes<\/strong> tomar\u00e1n la salida, con una destacada presencia internacional encabezada por participantes de pa\u00edses como Francia, B\u00e9lgica, Reino Unido, Italia, Pa\u00edses Bajos, Alemania o Estados Unidos. Ellos representar\u00e1n al <strong>13% de los ciclistas presentes<\/strong>. Adem\u00e1s, el <strong>85 % de los inscritos proviene de fuera de la provincia de Castell\u00f3<\/strong><strong>n<\/strong>, el <strong>64 % llega desde otras comunidades aut\u00f3<\/strong><strong>nomas.<\/strong><\/p>\n<h4><strong>THE MILLARS, CASI 2M\u20ac DE IMPACTO ECON\u00d3MICO<\/strong><\/h4>\n<hr \/>\n<p>Este car\u00e1cter internacional de la carrera se traslada a su impacto tur\u00edstico. La organizaci\u00f3n estima que durante el fin de semana del evento llegar\u00e1n a la ciudad m\u00e1s de <strong>4.700 visitantes<\/strong>, teniendo en cuenta acompa\u00f1antes y equipos t\u00e9cnicos. Esta afluencia se traducir\u00e1 en alrededor de <strong>10.000 pernoctaciones hoteleras<\/strong>, con una ocupaci\u00f3n pr\u00e1cticamente completa en la ciudad.<\/p>\n<p>Aplicando los datos oficiales de gasto tur\u00edstico en Espa\u00f1a, el impacto econ\u00f3mico directo generado por alojamiento, restauraci\u00f3n, transporte, comercio y ocio se sit\u00faa en torno a <strong>1,7 millones de euros en un solo fin de semana<\/strong>, una cifra que podr\u00eda ser superior debido al elevado gasto medio del cicloturista respecto al turismo convencional.<\/p>\n<p>Todo ello, refuta a <strong>The Millars UCI Gran Fondo World Series <\/strong>como un potente motor de atracci\u00f3n tur\u00edstica de retorno econ\u00f3mico inmediato y una cita estrat\u00e9gica para la ciudad. Con esa vertiente &#8216;cubierta&#8217; desde la organizaci\u00f3n ya trabajan en sus pr\u00f3ximos retos, que es <strong>convertir de forma todav\u00eda m\u00e1s epic\u00e9ntrica a Castell\u00f3n\u00a0en un referente internacional del ciclismo y del turismo deportivo<\/strong> de calidad.<\/p>\n<p><img decoding=\"async\" class=\"alignnone size-full wp-image-100339\" src=\"https:\/\/miurltemporal.com/main/triatletasenred.sport.es\/wp-content\/uploads\/IMG_5965.jpeg\" alt=\"\" width=\"1280\" height=\"852\" srcset=\"https:\/\/miurltemporal.com/main/triatletasenred.sport.es\/wp-content\/uploads\/IMG_5965.jpeg 1280w, https:\/\/miurltemporal.com/main/triatletasenred.sport.es\/wp-content\/uploads\/IMG_5965-300x200.jpeg 300w, https:\/\/miurltemporal.com/main/triatletasenred.sport.es\/wp-content\/uploads\/IMG_5965-1024x682.jpeg 1024w, https:\/\/miurltemporal.com/main/triatletasenred.sport.es\/wp-content\/uploads\/IMG_5965-768x511.jpeg 768w, https:\/\/miurltemporal.com/main/triatletasenred.sport.es\/wp-content\/uploads\/IMG_5965-631x420.jpeg 631w, https:\/\/miurltemporal.com/main/triatletasenred.sport.es\/wp-content\/uploads\/IMG_5965-696x463.jpeg 696w, https:\/\/miurltemporal.com/main/triatletasenred.sport.es\/wp-content\/uploads\/IMG_5965-1068x711.jpeg 1068w\" sizes=\"(max-width: 1280px) 100vw, 1280px\" \/><\/p>\n<h4><b>MUCHO EN JUEGO Y GRANDES NOMBRES CON LOS ENCLAVES CASTELLONENSES COMO TEL\u00d3N DE FONDO<\/b><\/h4>\n<hr \/>\n<p>En lo deportivo, la <strong>III edici<\/strong><strong>\u00f3<\/strong><strong>n de The Millars UCI Gran Fondo World Series <\/strong>contar\u00e1 con un recorrido de <strong>156 kil<\/strong><strong>\u00f3metros y aproximadamente 2.200 metros de desnivel positivo<\/strong>, atravesando enclaves emblem\u00e1ticos como la <strong>Sierra de Espad\u00e1n<\/strong>, el <strong>Salto del Caballo<\/strong> y la comarca del <strong>Alt Millars<\/strong>, combinando exigencia deportiva y valor paisaj\u00edstico.<\/p>\n<p>Entre los participantes destacan nombres relevantes del panorama internacional, como el ganador absoluto de 2025 <strong>Nick van der Lijke<\/strong>, junto a corredores habituales del podio como <strong>Pieter Frolichs<\/strong> o <strong>\u00c1lvaro Marz\u00e1<\/strong>. En categor\u00eda femenina regresa la campeona mundial y vencedora de la pasada edici\u00f3n, <strong>Gwena<\/strong><strong>\u00eblle Legendre<\/strong>.<\/p>\n<p>La prueba contar\u00e1 adem\u00e1s con la presencia del embajador del evento, el excampe\u00f3n del mundo <strong>Johan Museeuw<\/strong>, leyenda del ciclismo internacional y <strong>triple ganador de Paris-Roubaix y Tour de Flandes<\/strong>.<\/p>\n<p>M\u00e1s all\u00e1 de la victoria y podio de la jornada, el pr\u00f3ximo domingo los cicloturistas luchar\u00e1n por clasificarse para el Campeonato del Mundo UCI Gran Fondo, un logro que obtendr\u00e1n solo el <strong>25 % m\u00e1<\/strong><strong>s r\u00e1<\/strong><strong>pido de cada grupo de edad<\/strong>.<\/p>\n<p><iframe title=\"\u00bfVale la pena ser YouTuber de Triatl\u00f3n en 2026? | Arrancan las IRONMAN Pro Series\" width=\"696\" height=\"392\" src=\"https:\/\/www.youtube.com\/embed\/L3hUy6aAhF8?feature=oembed\" frameborder=\"0\" allow=\"accelerometer; autoplay; clipboard-write; encrypted-media; gyroscope; picture-in-picture; web-share\" referrerpolicy=\"strict-origin-when-cross-origin\" allowfullscreen><\/iframe><\/p>\n","protected":false},"excerpt":{"rendered":"<p>La prueba cicloturista castellonense bate todos sus registros previos en la edici\u00f3n con m\u00e1s participaci\u00f3n, m\u00e1s internacional y mayor retorno econ\u00f3mico.<\/p>\n","protected":false},"author":351,"featured_media":100340,"comment_status":"closed","ping_status":"open","sticky":false,"template":"","format":"standard","meta":{"_acf_changed":false,"rank_math_lock_modified_date":false,"footnotes":""},"categories":[17,2833],"tags":[11583],"class_list":{"0":"post-100338","1":"post","2":"type-post","3":"status-publish","4":"format-standard","5":"has-post-thumbnail","7":"category-actualidad","8":"category-cicloturismo","9":"tag-the-millars-uci-gran-fondo"},"acf":[],"_links":{"self":[{"href":"https:\/\/miurltemporal.com/main/triatletasenred.sport.es\/wp-json\/wp\/v2\/posts\/100338"}],"collection":[{"href":"https:\/\/miurltemporal.com/main/triatletasenred.sport.es\/wp-json\/wp\/v2\/posts"}],"about":[{"href":"https:\/\/miurltemporal.com/main/triatletasenred.sport.es\/wp-json\/wp\/v2\/types\/post"}],"author":[{"embeddable":true,"href":"https:\/\/miurltemporal.com/main/triatletasenred.sport.es\/wp-json\/wp\/v2\/users\/351"}],"replies":[{"embeddable":true,"href":"https:\/\/miurltemporal.com/main/triatletasenred.sport.es\/wp-json\/wp\/v2\/comments?post=100338"}],"version-history":[{"count":1,"href":"https:\/\/miurltemporal.com/main/triatletasenred.sport.es\/wp-json\/wp\/v2\/posts\/100338\/revisions"}],"predecessor-version":[{"id":100341,"href":"https:\/\/miurltemporal.com/main/triatletasenred.sport.es\/wp-json\/wp\/v2\/posts\/100338\/revisions\/100341"}],"wp:featuredmedia":[{"embeddable":true,"href":"https:\/\/miurltemporal.com/main/triatletasenred.sport.es\/wp-json\/wp\/v2\/media\/100340"}],"wp:attachment":[{"href":"https:\/\/miurltemporal.com/main/triatletasenred.sport.es\/wp-json\/wp\/v2\/media?parent=100338"}],"wp:term":[{"taxonomy":"category","embeddable":true,"href":"https:\/\/miurltemporal.com/main/triatletasenred.sport.es\/wp-json\/wp\/v2\/categories?post=100338"},{"taxonomy":"post_tag","embeddable":true,"href":"https:\/\/miurltemporal.com/main/triatletasenred.sport.es\/wp-json\/wp\/v2\/tags?post=100338"}],"curies":[{"name":"wp","href":"https:\/\/api.w.org\/{rel}","templated":true}]}}