{"id":100068,"date":"2026-02-25T08:06:09","date_gmt":"2026-02-25T07:06:09","guid":{"rendered":"https:\/\/miurltemporal.com/main/triatletasenred.sport.es\/?p=100068"},"modified":"2026-02-25T08:06:09","modified_gmt":"2026-02-25T07:06:09","slug":"lionel-sanders-pone-fecha-a-su-retiro-profesional","status":"publish","type":"post","link":"https:\/\/miurltemporal.com/main/triatletasenred.sport.es\/actualidad\/lionel-sanders-pone-fecha-a-su-retiro-profesional\/","title":{"rendered":"Lionel Sanders pone fecha a su retiro profesional"},"content":{"rendered":"<p>&#8220;\u00bfCu\u00e1ntos a\u00f1os me quedan en el triatl\u00f3n?&#8221; \u00a0Sanders responde a la cuesti\u00f3n tras haber desatado recientemente los rumores sobre una hipot\u00e9tica jubilaci\u00f3n y explica su futuro profesional.<\/p>\n<p><a href=\"https:\/\/onelink.to\/pm5r59\" rel=\"nofollow noopener\" target=\"_blank\"><img fetchpriority=\"high\" decoding=\"async\" class=\"alignnone size-full wp-image-99911\" src=\"https:\/\/miurltemporal.com/main/triatletasenred.sport.es\/wp-content\/uploads\/Banner-Toteemi-post.gif\" alt=\"\" width=\"750\" height=\"150\" \/><\/a><\/p>\n<p><strong>Lionel Sanders<\/strong> es un hombre de locuacidad prolija y en su pen\u00faltima divagaci\u00f3n el canadiense sorprend\u00eda al mundo <a href=\"https:\/\/miurltemporal.com/main/triatletasenred.sport.es\/actualidad\/lionel-sanders-suena-alto-en-2026-con-un-objetivo-magno-y-anuncia-su-calendario-inicial\/\">insinuando un posible \u00faltimo baile en Kona en 2026 y una probable retirada cercana<\/a> de la que nos hac\u00edamos eco igual que lo hac\u00edan los medios internacionales. Ahora, unos d\u00edas despu\u00e9s el triatleta ha regresado a las redes sociales para responder sin ambages a la cuesti\u00f3n. <strong>\u00bfTiene Sanders decidido el momento en el que va a colgar el tritraje?<\/strong><\/p>\n<p>La respuesta es tan sencilla como abierta. No hay fecha escrita, pero s\u00ed el detonante que desencadenar\u00e1 su adi\u00f3s profesional. \u201c<strong><em>Llegar\u00e1 cuando crea que ya no pueda ser competitivo y luchar por las victorias. Si no puedo ganar al m\u00e1s alto nivel no seguir\u00e9 yendo a escenarios como Kona para finalizar 33\u00ba. No lo har\u00e9 porque no me motiva<\/em><\/strong>\u201d.<\/p>\n<h6>\u00bfA QU\u00c9 SE DEDICAR\u00c1 SANDERS? YA TIENE DECIDIDO SU FUTURO POST DEPORTIVO<\/h6>\n<p>Un punto de retorno para el que en cambio s\u00ed tiene dise\u00f1ado un plan de acci\u00f3n que pasa por una <strong>desescalada competitiva<\/strong> a la par que procesa su <strong>metamorfosis profesional<\/strong> hacia otro campo que seg\u00fan se\u00f1ala no ser\u00e1 otro que el de <strong>entrenador<\/strong>: \u201c<strong><em>Cuando eso ocurra (no ser competitivo) probablemente dedicar\u00e9 un par de a\u00f1os a hacer la transici\u00f3n a otra cosa mientras compito en carreras de menor nivel<\/em><\/strong>\u201d.<\/p>\n<p>Es el propio Sanders quien responde a la pregunta no formulada. <em>\u201c<strong>\u00bfQu\u00e9 har\u00e9 despu\u00e9s?<\/strong><\/em>\u201d parece tenerlo claro. \u201c<strong><em>Lo l\u00f3gico ser\u00eda ser entrenador. Me gusta mucho entrenar. Y creo que realmente obtendr\u00eda mucha satisfacci\u00f3n y plenitud entrenando y trabajando con gente para intentar sacar lo mejor de s\u00ed mismos<\/em><\/strong>\u201d. Sin embargo, su auto-r\u00e9plica deja tras de si una reflexi\u00f3n y an\u00e1lisis agridulce que Lionel no ha querido obviar p\u00fablicamente: \u201c<strong><em>Probablemente seguir\u00e9 haciendo esto porque realmente no tengo una educaci\u00f3n ni nada<\/em><\/strong>\u201d.<\/p>\n<h4><strong>KONA EJE Y MOTOR DE UNA TEMPORADA 2026 CON LA AGENDA YA PLANIFICADA<\/strong><\/h4>\n<p>Hasta que llegue ese instante, que como \u00e9l admite no est\u00e1 en su mano, el triatl\u00f3n seguir\u00e1 disfrutando de uno de los hombres m\u00e1s pasionales del circuito quien adem\u00e1s cree salir reforzado de la medida de drafting a 20 metros tomada por Ironman en una temporada en la que apunta alto.<\/p>\n<p>En relaci\u00f3n a las esperanzas depositadas para 2026, el canadiense ha aprovechado la ocasi\u00f3n para reafirmarse en <strong>su objetivo del a\u00f1o<\/strong>, el <strong>Campeonato del Mundo Ironman de Kona<\/strong>. Sanders no cambia de plan, ni de ambici\u00f3n, sino que la agiganta tanto con sus declaraciones \u201c<strong><em>Estoy muy emocionado. Probablemente sea lo m\u00e1s motivado que he sentido en una d\u00e9cada<\/em><\/strong>\u201d como sus actos con la programaci\u00f3n de un <strong>doble training camp en la propia Big Island<\/strong> \u2013 parte del cual ya ha cumplido y regresar\u00e1 en mayo a Haw\u00e1i para la segunda ronda \u2013 para hacer del Mundial su \u00fanico prop\u00f3sito real de 2026 \u201c<strong><em>Voy a ir y voy a convertirlo en mis Juegos Ol\u00edmpicos particulares. No har\u00e9 nada que ponga en peligro ese d\u00eda. Y esa jornada ir\u00e9 a por la victoria o morir\u00e9 en el intento<\/em><\/strong>\u201d.<\/p>\n<p>En ese sentido, Sanders modifica ligeramente el <strong>calendario<\/strong> que present\u00f3 hace unas semanas que constar\u00e1 de tan solo <strong>cuatro eventos<\/strong> antes de la mencionada cita mundialista tras introducir dos nuevas fechas y eliminar una de las previstas inicialmente: \u00a0<strong>Ironman 70.3 Dallas<\/strong> el pr\u00f3ximo 15 de marzo, <strong>Ironman Texas<\/strong> el 18 de abril, <strong>Ironman 70.3 Pennsylvania Happy Valley <\/strong>(cto continental) el 14 de junio e <strong>Ironman Lake Placid<\/strong> el 19 de julio. Se cae aparentemente, <strong>Ironman 70.3 Oceanside<\/strong> el 28 de marzo para dar cabida al campeonato norteamericano de MD y a la cita neoyorkina.<\/p>\n<p><iframe title=\"Campeonato de Espa\u00f1a Duatl\u00f3n Media Distancia: DESDE DENTRO\" width=\"696\" height=\"392\" src=\"https:\/\/www.youtube.com\/embed\/zcdiS2dv2RQ?feature=oembed\" frameborder=\"0\" allow=\"accelerometer; autoplay; clipboard-write; encrypted-media; gyroscope; picture-in-picture; web-share\" referrerpolicy=\"strict-origin-when-cross-origin\" allowfullscreen><\/iframe><\/p>\n","protected":false},"excerpt":{"rendered":"<p>&#8220;\u00bfCu\u00e1ntos a\u00f1os me quedan en el triatl\u00f3n?&#8221; \u00a0Sanders responde a la cuesti\u00f3n tras haber desatado recientemente los rumores sobre una hipot\u00e9tica jubilaci\u00f3n y explica su futuro post deportivo.<\/p>\n","protected":false},"author":351,"featured_media":91857,"comment_status":"closed","ping_status":"open","sticky":false,"template":"","format":"standard","meta":{"_acf_changed":false,"rank_math_lock_modified_date":false,"footnotes":""},"categories":[17,10639],"tags":[404,5178],"class_list":{"0":"post-100068","1":"post","2":"type-post","3":"status-publish","4":"format-standard","5":"has-post-thumbnail","7":"category-actualidad","8":"category-portada","9":"tag-ironman","10":"tag-lionel-sanders"},"acf":[],"_links":{"self":[{"href":"https:\/\/miurltemporal.com/main/triatletasenred.sport.es\/wp-json\/wp\/v2\/posts\/100068"}],"collection":[{"href":"https:\/\/miurltemporal.com/main/triatletasenred.sport.es\/wp-json\/wp\/v2\/posts"}],"about":[{"href":"https:\/\/miurltemporal.com/main/triatletasenred.sport.es\/wp-json\/wp\/v2\/types\/post"}],"author":[{"embeddable":true,"href":"https:\/\/miurltemporal.com/main/triatletasenred.sport.es\/wp-json\/wp\/v2\/users\/351"}],"replies":[{"embeddable":true,"href":"https:\/\/miurltemporal.com/main/triatletasenred.sport.es\/wp-json\/wp\/v2\/comments?post=100068"}],"version-history":[{"count":2,"href":"https:\/\/miurltemporal.com/main/triatletasenred.sport.es\/wp-json\/wp\/v2\/posts\/100068\/revisions"}],"predecessor-version":[{"id":100070,"href":"https:\/\/miurltemporal.com/main/triatletasenred.sport.es\/wp-json\/wp\/v2\/posts\/100068\/revisions\/100070"}],"wp:featuredmedia":[{"embeddable":true,"href":"https:\/\/miurltemporal.com/main/triatletasenred.sport.es\/wp-json\/wp\/v2\/media\/91857"}],"wp:attachment":[{"href":"https:\/\/miurltemporal.com/main/triatletasenred.sport.es\/wp-json\/wp\/v2\/media?parent=100068"}],"wp:term":[{"taxonomy":"category","embeddable":true,"href":"https:\/\/miurltemporal.com/main/triatletasenred.sport.es\/wp-json\/wp\/v2\/categories?post=100068"},{"taxonomy":"post_tag","embeddable":true,"href":"https:\/\/miurltemporal.com/main/triatletasenred.sport.es\/wp-json\/wp\/v2\/tags?post=100068"}],"curies":[{"name":"wp","href":"https:\/\/api.w.org\/{rel}","templated":true}]}}